{"id":2535,"date":"2022-02-23T16:44:30","date_gmt":"2022-02-23T16:44:30","guid":{"rendered":"https:\/\/dajemo.com\/?p=2535"},"modified":"2022-07-01T14:32:27","modified_gmt":"2022-07-01T14:32:27","slug":"incontri-con-gli-ex-gaetano-longo","status":"publish","type":"post","link":"https:\/\/dajemo.com\/?p=2535","title":{"rendered":"Incontri con gli EX: GAETANO LONGO"},"content":{"rendered":"\n<div class=\"wp-block-image\"><figure class=\"alignleft size-full\"><img loading=\"lazy\" decoding=\"async\" width=\"300\" height=\"300\" src=\"http:\/\/dajemo.com\/wp-content\/uploads\/2022\/02\/1983-84.-Squadra-003-Copia.jpg\" alt=\"\" class=\"wp-image-2534\" title=\"\" srcset=\"https:\/\/dajemo.com\/wp-content\/uploads\/2022\/02\/1983-84.-Squadra-003-Copia.jpg 300w, https:\/\/dajemo.com\/wp-content\/uploads\/2022\/02\/1983-84.-Squadra-003-Copia-100x100.jpg 100w, https:\/\/dajemo.com\/wp-content\/uploads\/2022\/02\/1983-84.-Squadra-003-Copia-150x150.jpg 150w, https:\/\/dajemo.com\/wp-content\/uploads\/2022\/02\/1983-84.-Squadra-003-Copia-80x80.jpg 80w\" sizes=\"auto, (max-width: 300px) 100vw, 300px\" \/><\/figure><\/div>\n\n\n\n<p>Gli anni \u201980 rappresentano per i tifosi rossoverdi un periodo di dolori pi\u00f9 che di soddisfazioni. Infatti il decennio inizi\u00f2 subito con la grande delusione della retrocessione in serie C al termine del campionato 1979-\u201980, dopo che nella stessa stagione, incredibilmente, la squadra era riuscita nell\u2019impresa di arrivare alla semifinale di Coppa Italia, eliminata poi dalla Roma. Poi, al termine del campionato 1985-\u201986, sarebbe arrivata addirittura la retrocessione in C2! Solo alla fine del decennio sarebbe arrivato il tanto agognato riscatto, vincendo il campionato con Mister Tobia nel 1988-\u201989 nel mitico spareggio di Cesena, con 15.000 tifosi al seguito, tornando cos\u00ec in C1 e gettando poi le basi per la risalita in serie B, che sarebbe arrivata solo all\u2019inizio del decennio successivo. Con questo preambolo, chi legge potrebbe pensare che gli anni \u201980 siano ricordati non certo con simpatia dai tifosi rossoverdi, eppure anche in questo caso c\u2019\u00e8 un \u201cma\u201d. Infatti, nonostante tutto ci\u00f2 che abbiamo detto, in quegli anni la Ternana era seguitissima dai propri tifosi ed il Liberati vedeva sempre una buona presenza di tifosi sulle proprie scalinate, specie in Curva Est, sede dell\u2019allora \u201cgiovane\u201d gruppo organizzato dei \u201cFreak Brothers\u201d. \u00c8 per tale motivo che questa volta siamo andati a ricercare per questo numero di \u201cDAJE MO&#8217;\u201d un calciatore che ha vestito la maglia rossoverde per due stagioni, proprio nella prima met\u00e0 degli anni \u201980: Gaetano Longo.\u00a0<br>Longo nasce a Taormina (ME) il 02-09-1956 e cresce nelle giovanili della squadra della sua citt\u00e0, nel ruolo di mediano. Arriva alla Ternana nell\u2019estate del 1982, proveniente dal Messina, quando la societ\u00e0 rossoverde si apprestava a partecipare per il terzo anno consecutivo al campionato di serie C, con alla guida, per la terza volta nella sua storia, il \u201cMaestro\u201d Corrado Viciani. Rimarr\u00e0 in rossoverde per due stagioni, diventando una colonna portante del centrocampo rossoverde, specie nella prima stagione quando sar\u00e0 praticamente titolare fisso. Le sue caratteristiche migliori sicuramente erano la resistenza fisica e la generosit\u00e0, che lo portavano a correre incessantemente \u00a0in tutte le zone del campo. Al termine della stagione successiva lascer\u00e0 la Ternana per trasferirsi all\u2019Akragas, sempre in serie C, dove concluder\u00e0 la sua carriera professionistica. Oggi Longo vive ad Agrigento e continua a vivere nel mondo del calcio, avendo fatto l\u2019allenatore per tanti anni di squadre di Eccellenza ed Interregionale, mentre oggi segue i bambini nelle sue due scuole calcio.<\/p>\n\n\n\n<p>1) <em>Signor Longo<\/em>,<em> ci racconta come \u00e8 iniziato da bambino<\/em> <em>il suo amore per un pallone?<\/em><br>Come la maggior parte dei bambini della mia epoca sono cresciuto giocando a pallone in strada ed in ogni luogo dove era possibile, magari subendo anche le arrabbiature di mia madre quando tornavo a casa con le scarpe sporche o, peggio ancora, rotte! Posso dire senz\u2019altro che il mio primo \u201callenatore\u201d \u00e8 stata la strada, essendo l\u00ec riuscito ad emergere ed arrivare successivamente alla societ\u00e0 del Taormina.<\/p>\n\n\n\n<p><br>2) <em>Chi era della sua famiglia che lo seguiva nella sua passione per il calcio?<\/em>\u00a0<br>La mia era la classica famiglia \u201cnormale\u201d di quei tempi. Mi ha sempre seguito soprattutto mio padre, ma in una maniera composta e non ossessionata. Come la maggior parte dei genitori, anche i miei volevano soprattutto che mi divertissi e fossi felice.<\/p>\n\n\n\n<p><br>3) <em>Dopo aver calcato i campi di serie B e serie C, lei arriv\u00f2 alla Ternana quando la Societ\u00e0 era scesa in serie C, dopo che nel decennio precedente era arrivata in serie A per due volte. Che ambiente trov\u00f2?<\/em><br>Un ambiente stupendo! Quando ho visto per la prima volta il Liberati mi sono detto: \u201ccaro Gaetano, qui ci devi rimanere il pi\u00f9 a lungo possibile!\u201d. Nella Societ\u00e0 c\u2019erano delle persone veramente appassionate e competenti, come ad esempio il segretario Ridio Ragni o il general manager Varo Conti. Un ambiente veramente ideale, come la Juventus della serie C!<\/p>\n\n\n\n<p><br>4)<em> Quali furono le dinamiche che lo portarono a questa scelta?<\/em>\u00a0<br>Devo ringraziare soprattutto Mister Viciani, il quale lo avevo gi\u00e0 avuto quando militavo nel Palermo. Lui mi aveva voluto alla Cavese dove poi ho vinto il campionato l\u2019anno successivo con Mister Santin. Quando il Mister \u00e8 tornato alla Ternana mi ha voluto portare con lui.<\/p>\n\n\n\n<p><br>5) <em>Era mai stato precedentemente nella nostra citt\u00e0? Che impressione le fece al primo impatto?<\/em><br>Non ero mai stato prima a Terni ed ho avuto subito, al primo impatto, una bellissima sensazione, sia per la citt\u00e0 che per l\u2019ambiente che la circonda. Ma quello che mi colp\u00ec maggiormente fu il carattere della gente ternana, molto attaccata alla squadra e generosa nei confronti dei giocatori che dimostravano di dare tutto in campo. Mi devo ripetere: un ambiente veramente ideale per fare bene.<\/p>\n\n\n\n<p><br>6) <em>Conosceva gi\u00e0 qualche suo compagno di quella rosa?<\/em><br>Conoscevo Borsellino perch\u00e9 eravamo stati compagni di squadra nel Palermo ed anche grazie a lui mi sono subito ambientato benissimo. Poi feci facilmente amicizia con gli altri siciliani che erano in squadra, come Lucido e Di Vincenzo.<\/p>\n\n\n\n<p><br>7) <em>Allenatore di quella Ternana era Corrado Viciani, un vero e proprio \u201cmito\u201d per i tifosi rossoverdi. Che rapporto aveva con lui?\u00a0<\/em><br>Per me fu molto pi\u00f9 di un allenatore, ma un vero \u201csecondo padre\u201d e devo moltissimo, se non tutto, a lui. Mi ha insegnato il valore del sacrificio, che mi sono portato dietro per l\u2019intera mia carriera professionistica.\u00a0Racconto un aneddoto a tal proposito: i suoi allenamenti erano veramente durissimi e durante le ripetute dei 100 metri c\u2019era chi non riusciva a dare quello che lui pretendeva. \u00a0Un giorno, al termine degli allenamenti, mi chiam\u00f2 e mi disse di rientrare negli spogliatoi per vedere chi era contro di lui. Il risultato fu che venne esonerato poco dopo ed al suo posto arriv\u00f2 Mister Matt\u00e8, che rimase per\u00f2 solo per sei giornate dopo di che torn\u00f2 Mister Viciani. Ci salvammo all\u2019ultima giornata, vincendo a Rende (Rende-Ternana 0-2, il 05-06-1982), grazie alla classifica avulsa ed alla differenza reti, a spese di Livorno e Reggina.<\/p>\n\n\n\n<p><br>8)<em> Alla prima partita di campionato (Ternana-Livorno 3-1, il 19-09-1982) e quindi al suo esordio in rossoverde lei venne espulso. Dica la verit\u00e0, cosa pens\u00f2: \u201ccominciamo bene!\u201d?<\/em><br>Fu proprio quella la mia prima preoccupazione, la paura di aver dato una brutta impressione ai tifosi rossoverdi. Per\u00f2 poi, in seguito, dimostrai che era la mia generosit\u00e0 nel gioco, al servizio della squadra, che mi poteva portare a commettere simili errori. E comunque, in quella specifica occasione, la seconda ammonizione la presi proprio per cercare di fermare un avversario che stava per andare a realizzare un goal.<\/p>\n\n\n\n<p><br>9)<em> In quel campionato 1982-\u201983 la Ternana si salv\u00f2 dalla retrocessione in C2 grazie alla classifica avulsa, a discapito, come abbiamo detto, di Livorno e Reggina. Che ricordo ha di quel campionato?<\/em><br>Facemmo un girone di andata veramente disastroso, ma poi nel girone di ritorno facemmo il miracolo di una media incredibile. Inizialmente ci furono delle incomprensioni tra Mister Viciani e qualche mio compagno di squadra, poi per\u00f2 nel girone di ritorno venne fuori il vero valore di quella squadra. Con il senno di poi c\u2019\u00e8 il rammarico che se avessimo fatto anche il girone di andata cos\u00ec come quello di ritorno, avremmo potuto lottare sicuramente per la promozione.<\/p>\n\n\n\n<p><br>10) <em>Lei gioc\u00f2 tutte le partite tranne una perch\u00e9 squalificato. Avvertiva la fiducia incondizionata da parte di Mister Viciani?<\/em><br>Si, ma questo lo sapevo ancora prima di vestire la casacca rossoverde perch\u00e9 io ho sempre dato il massimo in campo. E questo lui lo sapeva benissimo.<\/p>\n\n\n\n<p><br>11) <em>Nella stagione successiva sulla panchina arriva Mister Meregalli, un altro ex-rossoverde, e le sue presenze in rosa diminuiscono. Cosa successe?<\/em><br>All\u2019inizio della stagione partii molto bene, poi cominciarono i miei guai fisici, mi ammalai di pubalgia che mi condizion\u00f2 per tutto il resto del campionato. La Societ\u00e0 decise di mandarmi dal Prof. Monti, specialista del Milan. Mi curavo insieme ai due rossoneri \u00a0Baresi e Gerets. Purtroppo non riuscii mai a guarire completamente.<\/p>\n\n\n\n<p><br>12) <em>In quella formazione c\u2019era anche un suo compagno di squadra che avrebbe fatto poi una grande carriera, sia da calciatore che, soprattutto, da allenatore: Stefano Colantuono. Che ricordo ha di lui?<\/em><br>Un ragazzo molto serio e determinato. Noi della rosa della prima squadra dormivamo all\u2019albergo Allegretti mentre lui, come tutti i ragazzi delle giovanili, nella \u201cdependance\u201d. Siccome avevo notato le sue qualit\u00e0 di gioco in allenamento, chiesi di farlo venire con noi in albergo. Di lui ricordo ancora un episodio che dimostra la sua forza caratteriale, quando dopo una mia azione gli passai la palla e lui realizz\u00f2 il goal della vittoria. Impazz\u00ec letteralmente di gioia!<\/p>\n\n\n\n<p><br>13) <em>Ed in quella formazione militava anche un altro giocatore, sfortunatissimo, rimasto nel cuore di molti tifosi: Gianluca Signorini. Ce lo vuole ricordare?<\/em><br>Oltre ad essere un giocatore di grande qualit\u00e0 era un bravissimo ragazzo, semplice, senza grilli per la testa e dalle grandi potenzialit\u00e0. Qualche anno dopo, quando militava con il Genoa, venne a giocare ad Agrigento, contro il Giarre. Lo andai a salutare e quando mi vide mi volle regalare la sua maglia di quel giorno. La conservo ancora gelosamente.<\/p>\n\n\n\n<p><br>14) <em>L\u20198-01-1984 la Ternana perse a Bari sul campo, ma il verdetto fu poi ribaltato a tavolino a causa di una lattina che colp\u00ec Ratti. Quei due punti risultarono poi determinanti ai fini della salvezza. Ricorda quell\u2019episodio?<\/em><br>All\u2019epoca capitava spesso di assistere a delle sceneggiate teatrali ogni volta che accadeva un episodio del genere, proprio perch\u00e9 molto spesso il verdetto era quello della vittoria a tavolino. Ma posso tranquillamente giurare sul fatto che quel giorno accadde veramente e la lattina colp\u00ec violentemente Ratti, il quale per il carattere che aveva non avrebbe mai fatto una sceneggiata simile per ingannare l\u2019arbitro.<\/p>\n\n\n\n<p><br>15) <em>In quei due anni in rossoverde ha avuto come presidente un\u2019altra figura mitica per i tifosi: Giorgio Taddei. Che rapporto avevate con lui, voi giocatori?<\/em><br>Era un padre per tutti noi giocatori! Quando si perdeva una partita lui era sempre quello che infondeva coraggio a noi calciatori. La salvezza all\u2019ultima giornata di cui parlavamo prima fu senz\u2019altro una grandissima rivincita sia per lui che per Mister Viciani. Quando mi si prospett\u00f2 l\u2019ipotesi di dover lasciare la Ternana lui mi disse che mi avrebbe trovato la sistemazione migliore possibile, e fu di parola. Ad Agrigento, dove mi trasferii, mi fecero un contratto di due anni, con una cifra che non avevo mai preso in tutta la mia precedente carriera.<\/p>\n\n\n\n<p><br>16) <em>Dei suoi compagni di squadra chi erano i suoi amici anche fuori dal campo?<\/em>\u00a0<br>Io avevo un carattere che andavo d\u2019accordo un p\u00f2 con tutti. Se devo fare necessariamente dei nomi posso dire De Luca, Ratti, Vernacchia, Peragine. Ma eravamo un gruppo veramente eccezionale, dove regnava l\u2019armonia tra tutti i componenti, senza mai una lite, n\u00e9 in campo e tantomeno al di fuori di esso. Insomma un ambiente del tutto ottimale.<\/p>\n\n\n\n<p><br>17) <em>Al termine di quella stagione lei venne ceduto all\u2019Akragas, sempre in C1. Ci fu delusione da parte sua in questa scelta societaria?<\/em><br>Fu una scelta della Societ\u00e0, dettata dalle mie condizioni fisiche purtroppo non ottimali. Il Presidente Taddei non avrebbe voluto prendere tale decisione ma siccome si voleva puntare ad un campionato di vertice ed io non potevo garantire il 100% delle mie possibilit\u00e0, si prefer\u00ec lasciarmi andare. Accettai tale scelta, anche se mi dispiaceva, ma compresi perfettamente la situazione e non gliene feci certo una colpa.<\/p>\n\n\n\n<p>\u00a0<br>18) <em>In quei due anni in rossoverde ricorda una partita da incorniciare per la qualit\u00e0 della sua prestazione?<\/em><br>Sicuramente la partita contro il Siena (Ternana-Siena 2-0, 20-02-1983) quando al mio avversario diretto non feci letteralmente toccare palla, e grazie a quei due punti conquistati poi ci salvammo grazie alla classifica avulsa.<\/p>\n\n\n\n<p><br>19) <em>Se le chiedessi di darmi una definizione delle sue caratteristiche tecniche, come si descriverebbe?\u00a0<\/em><br>Grande facilit\u00e0 nella corsa grazie alla mia prestanza agonistica. Quando c\u2019era da combattere non mi tiravo certo indietro! Ero abbastanza abile nella marcatura dell\u2019avversario, mentre ero un po\u2019 meno bravo sotto l\u2019aspetto squisitamente tecnico.<\/p>\n\n\n\n<p><br>20) <em>Che cosa rappresentava per lei il calcio? Ed ora invece cos\u2019\u00e8?<\/em><br>Sia allora che oggi rappresenta moltissimo nella mia vita, dato che allora mi permise di emergere nella societ\u00e0 ed oggi mi fa sentire realizzato.\u00a0<\/p>\n\n\n\n<p><br>21) <em>Per concludere, che ricordo ha oggi, dopo tutti questi anni, di Terni e dell\u2019ambiente rossoverde?<\/em><br>Della citt\u00e0 e della tifoseria ho un ricordo vivissimo e molto bello. Insieme alla \u201cFavorita\u201d di Palermo, il \u201cLiberati\u201d per me rappresenta la \u201cmagia\u201d. In quella stagione fui premiato dal Club Thyrus come il miglior rossoverde. Auguro alla Ternana e a tutti i suoi splendidi tifosi di tornare quanto prima, almeno una volta, in serie A. Il sogno di tutti loro!<\/p>\n\n\n\n<figure class=\"wp-block-table is-style-stripes\"><table class=\"has-vivid-red-background-color has-text-color has-background\" style=\"color:#1a510a\"><thead><tr><th class=\"has-text-align-center\" data-align=\"center\">Stagione<\/th><th class=\"has-text-align-center\" data-align=\"center\">Competizione<\/th><th class=\"has-text-align-center\" data-align=\"center\">Presenze<\/th><th class=\"has-text-align-center\" data-align=\"center\">Goal <\/th><th class=\"has-text-align-center\" data-align=\"center\">Competizione<\/th><th class=\"has-text-align-center\" data-align=\"center\">Presenze<\/th><th class=\"has-text-align-center\" data-align=\"center\">Goal <\/th><\/tr><\/thead><tbody><tr><td class=\"has-text-align-center\" data-align=\"center\">1982-\u201983<\/td><td class=\"has-text-align-center\" data-align=\"center\">Serie C1<\/td><td class=\"has-text-align-center\" data-align=\"center\">33<\/td><td class=\"has-text-align-center\" data-align=\"center\">0<\/td><td class=\"has-text-align-center\" data-align=\"center\">Coppa Italia<\/td><td class=\"has-text-align-center\" data-align=\"center\">5<\/td><td class=\"has-text-align-center\" data-align=\"center\">0<\/td><\/tr><tr><td class=\"has-text-align-center\" data-align=\"center\">1983-\u201984<\/td><td class=\"has-text-align-center\" data-align=\"center\">Serie C1<\/td><td class=\"has-text-align-center\" data-align=\"center\">23<\/td><td class=\"has-text-align-center\" data-align=\"center\">0<\/td><td class=\"has-text-align-center\" data-align=\"center\">Coppa Italia<\/td><td class=\"has-text-align-center\" data-align=\"center\">9<\/td><td class=\"has-text-align-center\" data-align=\"center\">0<\/td><\/tr><\/tbody><\/table><figcaption>La carriera di Longo in rossoverde<\/figcaption><\/figure>\n\n\n\n<p>\u00a0<\/p>\n\n\n\n<figure class=\"wp-block-table is-style-stripes\"><table><thead><tr><th class=\"has-text-align-center\" data-align=\"center\">Stagione<\/th><th class=\"has-text-align-center\" data-align=\"center\">Squadra<\/th><th class=\"has-text-align-center\" data-align=\"center\">Serie<\/th><\/tr><\/thead><tbody><tr><td class=\"has-text-align-center\" data-align=\"center\">1973-\u201977<\/td><td class=\"has-text-align-center\" data-align=\"center\">Palermo<\/td><td class=\"has-text-align-center\" data-align=\"center\">Serie B<\/td><\/tr><tr><td class=\"has-text-align-center\" data-align=\"center\">1977-\u201979<\/td><td class=\"has-text-align-center\" data-align=\"center\">Marsala <\/td><td class=\"has-text-align-center\" data-align=\"center\">Serie C1 &#8211; C2<\/td><\/tr><tr><td class=\"has-text-align-center\" data-align=\"center\">1979-\u201981<\/td><td class=\"has-text-align-center\" data-align=\"center\">Cavese <\/td><td class=\"has-text-align-center\" data-align=\"center\">Serie C1<\/td><\/tr><tr><td class=\"has-text-align-center\" data-align=\"center\">1981-\u201982<\/td><td class=\"has-text-align-center\" data-align=\"center\">Messina <\/td><td class=\"has-text-align-center\" data-align=\"center\">Serie C2<\/td><\/tr><tr><td class=\"has-text-align-center\" data-align=\"center\">1982-\u201984<\/td><td class=\"has-text-align-center\" data-align=\"center\">Ternana <\/td><td class=\"has-text-align-center\" data-align=\"center\">Serie C1<\/td><\/tr><tr><td class=\"has-text-align-center\" data-align=\"center\">1984-\u201986<\/td><td class=\"has-text-align-center\" data-align=\"center\">Akragas <\/td><td class=\"has-text-align-center\" data-align=\"center\">Serie C1 &#8211; C2<\/td><\/tr><\/tbody><\/table><figcaption>La carriera di Gaetano Longo<\/figcaption><\/figure>\n\n\n\n<figure class=\"wp-block-table is-style-stripes\"><table><thead><tr><th class=\"has-text-align-center\" data-align=\"center\">Stagione<\/th><th class=\"has-text-align-center\" data-align=\"center\">Squadra<\/th><th class=\"has-text-align-center\" data-align=\"center\">Serie<\/th><\/tr><\/thead><tbody><tr><td class=\"has-text-align-center\" data-align=\"center\">2014-\u201915<\/td><td class=\"has-text-align-center\" data-align=\"center\">Pro Favara<\/td><td class=\"has-text-align-center\" data-align=\"center\">Promozione Regionale<\/td><\/tr><\/tbody><\/table><figcaption>La carriera di Longo da allenatore<\/figcaption><\/figure>\n\n\n\n<p>Visitate il sito <a href=\"http:\/\/WWW.MEMORIEROSSOVERDI.IT\" title=\"www.memorierossoverdi.it\" target=\"_blank\" rel=\"noopener\">www.memorierossoverdi.it<\/a>: filmati d\u2019epoca, foto, articoli, poesie, collezioni di figurine, biglietti, gadgets, ecc. sulla Ternana.<\/p>\n\n\n\n<p><\/p>\n\n\n\n<p><strong><em>di Marco Barcarotti<\/em><\/strong><\/p>\n\n\n\n<div style=\"text-align:center\" class=\"wp-block-algori-social-share-buttons-block-algori-social-share-buttons\"><button class=\"bttn-minimal bttn-md bttn-primary algori-social-share-buttons-settings algori-social-share-buttons-facebook\" onclick=\"window.open('https:\/\/www.facebook.com\/sharer.php?u=https:\/\/dajemo.com\/?p=2535', '_blank')\"><i class=\"fab fa-facebook-f\"><\/i>\u00a0 \u00a0Facebook<\/button><button class=\"bttn-minimal bttn-md bttn-primary algori-social-share-buttons-settings algori-social-share-buttons-twitter\" onclick=\"window.open('https:\/\/twitter.com\/intent\/tweet?url=https:\/\/dajemo.com\/?p=2535', '_blank')\"><i class=\"fab fa-twitter\"><\/i>\u00a0 \u00a0Twitter<\/button><button class=\"bttn-minimal bttn-md bttn-primary algori-social-share-buttons-settings algori-social-share-buttons-whatsapp\" onclick=\"window.open('https:\/\/web.whatsapp.com\/send?text=https:\/\/dajemo.com\/?p=2535', '_blank')\"><i class=\"fab fa-whatsapp\"><\/i>\u00a0 \u00a0WhatsApp<\/button><button class=\"bttn-minimal bttn-md bttn-primary algori-social-share-buttons-settings algori-social-share-buttons-telegram\" onclick=\"window.open('https:\/\/t.me\/share\/url?url=https:\/\/dajemo.com\/?p=2535', '_blank')\"><i class=\"fab fa-telegram\"><\/i>\u00a0 \u00a0Telegram<\/button><\/div>\n","protected":false},"excerpt":{"rendered":"<p>Gli anni \u201980 rappresentano per i tifosi rossoverdi un periodo di dolori pi\u00f9 che di soddisfazioni. Infatti il decennio inizi\u00f2 subito con la grande delusione della retrocessione in serie C al termine del campionato&#46;&#46;&#46;<\/p>\n","protected":false},"author":1,"featured_media":2534,"comment_status":"open","ping_status":"open","sticky":false,"template":"","format":"standard","meta":{"_eb_attr":"","pgc_sgb_lightbox_settings":"","footnotes":""},"categories":[84],"tags":[],"class_list":["post-2535","post","type-post","status-publish","format-standard","has-post-thumbnail","hentry","category-incontri-con-gli-ex"],"_links":{"self":[{"href":"https:\/\/dajemo.com\/index.php?rest_route=\/wp\/v2\/posts\/2535","targetHints":{"allow":["GET"]}}],"collection":[{"href":"https:\/\/dajemo.com\/index.php?rest_route=\/wp\/v2\/posts"}],"about":[{"href":"https:\/\/dajemo.com\/index.php?rest_route=\/wp\/v2\/types\/post"}],"author":[{"embeddable":true,"href":"https:\/\/dajemo.com\/index.php?rest_route=\/wp\/v2\/users\/1"}],"replies":[{"embeddable":true,"href":"https:\/\/dajemo.com\/index.php?rest_route=%2Fwp%2Fv2%2Fcomments&post=2535"}],"version-history":[{"count":2,"href":"https:\/\/dajemo.com\/index.php?rest_route=\/wp\/v2\/posts\/2535\/revisions"}],"predecessor-version":[{"id":2984,"href":"https:\/\/dajemo.com\/index.php?rest_route=\/wp\/v2\/posts\/2535\/revisions\/2984"}],"wp:featuredmedia":[{"embeddable":true,"href":"https:\/\/dajemo.com\/index.php?rest_route=\/wp\/v2\/media\/2534"}],"wp:attachment":[{"href":"https:\/\/dajemo.com\/index.php?rest_route=%2Fwp%2Fv2%2Fmedia&parent=2535"}],"wp:term":[{"taxonomy":"category","embeddable":true,"href":"https:\/\/dajemo.com\/index.php?rest_route=%2Fwp%2Fv2%2Fcategories&post=2535"},{"taxonomy":"post_tag","embeddable":true,"href":"https:\/\/dajemo.com\/index.php?rest_route=%2Fwp%2Fv2%2Ftags&post=2535"}],"curies":[{"name":"wp","href":"https:\/\/api.w.org\/{rel}","templated":true}]}}