{"id":2539,"date":"2022-02-23T16:50:15","date_gmt":"2022-02-23T16:50:15","guid":{"rendered":"https:\/\/dajemo.com\/?p=2539"},"modified":"2022-07-01T14:32:22","modified_gmt":"2022-07-01T14:32:22","slug":"incontri-con-gli-ex-sergio-tonini","status":"publish","type":"post","link":"https:\/\/dajemo.com\/?p=2539","title":{"rendered":"Incontri con gli EX: SERGIO TONINI"},"content":{"rendered":"\n<div class=\"wp-block-image\"><figure class=\"alignleft size-full\"><img loading=\"lazy\" decoding=\"async\" width=\"300\" height=\"300\" src=\"http:\/\/dajemo.com\/wp-content\/uploads\/2022\/02\/1963-64.-Villa-Tonini-001-Scaccia-Elio_2.jpg\" alt=\"\" class=\"wp-image-2537\" title=\"\" srcset=\"https:\/\/dajemo.com\/wp-content\/uploads\/2022\/02\/1963-64.-Villa-Tonini-001-Scaccia-Elio_2.jpg 300w, https:\/\/dajemo.com\/wp-content\/uploads\/2022\/02\/1963-64.-Villa-Tonini-001-Scaccia-Elio_2-100x100.jpg 100w, https:\/\/dajemo.com\/wp-content\/uploads\/2022\/02\/1963-64.-Villa-Tonini-001-Scaccia-Elio_2-150x150.jpg 150w, https:\/\/dajemo.com\/wp-content\/uploads\/2022\/02\/1963-64.-Villa-Tonini-001-Scaccia-Elio_2-80x80.jpg 80w\" sizes=\"auto, (max-width: 300px) 100vw, 300px\" \/><\/figure><\/div>\n\n\n\n<p>Chi scrive in questa rubrica fa \u00a0parte di quella generazione che ricorda, perch\u00e9 li ha vissuti da giovane tifoso, gli anni d\u2019oro della Ternana, i \u201cmitici\u201d anni \u201960 e \u201970. Probabilmente la mia esperienza pu\u00f2 essere considerata rappresentativa anche per tanti altri che hanno il piacere di leggere questa rivista, ed \u00e8 per tale motivo che mi appresto a raccontarvi una storia che a me ha emozionato in modo particolare e che forse susciter\u00e0 gli stessi sentimenti in molti di voi, tifosi rossoverdi come me. \u00c8 una storia che ha le radici nella prima met\u00e0 degli anni \u201960 ed ha per protagonista un calciatore che ha lasciato un ricordo indelebile nel cuore di tutti i tifosi rossoverdi, sia di quelli che ricordano le sue gesta e sia di quelli che non hanno potuto, per un discorso anagrafico, viverle. Il suo nome \u00e8 Sergio Tonini. Infatti anche i tifosi pi\u00f9 giovani \u00a0hanno comunque un debito di riconoscenza nei suoi confronti, se non altro perch\u00e9 ogni domenica gridando \u201cFere!Fere!\u201d indirettamente lo ricordano. Fu infatti proprio grazie alle imprese calcistiche in maglia rossoverde di Tonini, al suo ardore messo in campo, che i tifosi cominciarono a chiamare i propri beniamini con l\u2019appellativo di \u201cFere\u201d, che come tutti sappiamo, nel nostro dialetto questo termine sta a significare \u201cbelva feroce\u201d.<br>Tonini nasce a Canneto sull\u2019Oglio (MN) il 01-01-1938 ed era un attaccante di movimento. Dopo aver militato, tra le altre, con il Brescia in serie B, arriv\u00f2 alla Ternana nell\u2019estate del 1962 quando la Societ\u00e0 rossoverde militava nel campionato di serie D e sulla panchina sedeva Mister Carapellese; vestir\u00e0 la casacca delle Fere per tre stagioni. Nella sua seconda stagione, insieme a Perli, former\u00e0 una delle coppie d\u2019attacco pi\u00f9 prolifiche dell\u2019intera storia rossoverde, contribuendo cos\u00ec alla vittoria del campionato. Infatti sar\u00e0 lui a vincere la classifica marcatori del girone, con 20 goal realizzati, contro i 19 del compagno di reparto, contendendosi con lui, fino all\u2019ultima partita di campionato il primato. In quella stagione c\u2019\u00e8 da ricordare il goal, importantissimo ai fini della promozione, realizzato da Tonini nello scontro diretto contro lo Jesi (Ternana-Jesi 3-2, il 17-05-1964), alla penultima giornata del calendario, in una partita rimasta alla storia, oltre che per il felice esito, anche per la sua crudezza in campo tra i giocatori delle due squadre. Un\u2019altra curiosit\u00e0 da segnalare accadde nella partita del 01-12-1963 (Ternana-Riccione 2-1), quando dopo il goal realizzato, quello che assicurava la vittoria, Tonini reag\u00ec con un gestaccio nei confronti del pubblico il quale lo aveva contestato fino a quel momento, scoppiando a piangere subito dopo in preda ad una crisi di nervi. Che dire? Evidentemente a Terni c\u2019\u00e8 sempre stato un p\u00f2 il vizio di contestare chiunque, anche i campioni. Tonini poi rimarr\u00e0 alla Ternana anche nella stagione successiva, in serie C, non riuscendo per\u00f2, per vari motivi, a ripetere l\u2019esaltante stagione precedente, e nel Settembre del 1965 verr\u00e0 ceduto al Tempio Pausania, in serie D. Purtroppo Tonini ci ha lasciato da qualche anno ma lo spunto per dedicargli questo articolo, per certi versi anomalo rispetto alla consuetudine, \u00e8 venuto grazie ad un messaggio ricevuto tempo fa dal sottoscritto sul proprio profilo Facebook. Ve lo riporto integralmente, anche a dimostrazione che la rete pu\u00f2 aiutare a non dimenticare chi, con le sue imprese in maglia rossoverde, ha esaltato i nostri padri ed i nostri nonni, e far conoscere cos\u00ec ai pi\u00f9 giovani un pezzo di storia della nostra amata squadra del cuore.<\/p>\n\n\n\n<p>\u201cCiao Marco,\u00a0<br>devo raccontarti una storia&#8230;<br>Poche notti fa, non dormivo e mi sono messo a giocare su internet. Ogni tanto vado a ricercare vecchie storie dei bei tempi della Ternana e della mia vita. Non sapevo che avevi realizzato il sito www.memorierossoverdi.it, cos\u00ec mi sono subito connesso, e sono andato a vedere le immagini che avevo, un po&#8217; annebbiate dal tempo, nella mia mente. Sono rimasto incredulo nel vedere caricati i video delle partite decisive del vittorioso campionato 1963-\u201964: Fermana-Ternana e soprattutto Ternana-Jesina. E qui devo ringraziarti di cuore: \u00e8 veramente successo un miracolo! Un&#8217;emozione indescrivibile!\u00a0<br>Alla fine della gara che sancisce la vittoria di quel campionato, i tifosi invadono il campo di Viale Brin. Ci sono le immagini nitide: ad un certo punto, proprio nel centro del campo, si vedono un giovanotto ed un ragazzino che camminano vicini, sbandierando i loro vessilli: si! eravamo proprio noi, io e mio padre!!! Incredibile!!! Appena ho visto le due figure ho sentito un brivido nella mia schiena. Poi, riguardando pi\u00f9 volte, ho potuto confermare che quelli che si vedono in quell&#8217;immagine siamo proprio noi.\u00a0<br>Quella domenica eravamo stati invitati ad una prima comunione, ed il pranzo si era tenuto al ristorante che stava davanti alla Cascata delle Marmore. Ricordando sempre quella storica domenica, sono certo di essermi riconosciuto in campo con mio padre proprio perch\u00e9 eravamo vestiti a festa, cio\u00e8 tutti e due con giacca e cravatta , precedentemente &#8220;sfoggiati&#8221; alla suddetta cerimonia.\u00a0<br>Io non avevo ancora 9 anni, mio pap\u00e0 aveva invece 38 anni. Rivedere quelle immagini mi ha commosso, come potrai ben immaginare.\u00a0<br>C\u2019\u00e8 da dire che mio padre compare nella foto ufficiale della stagione 1956\/57 in campo con la squadra, \u00e8 il primo in piedi a sinistra, per\u00f2 sotto alla foto, nelle note, non c&#8217;\u00e8 il suo nome, c&#8217;\u00e8 invece scritto &#8220;Direttore Sportivo&#8221;&#8230;ma mio padre era il Cassiere della Societ\u00e0! Probabilmente lo avevano preso perch\u00e9 \u00a0nella vita faceva quel lavoro presso la Banca Popolare di Terni che, proprio nel 1956, fu assorbita dalla Popolare di Novara. Dopo poco tempo dall&#8217;inizio di quella stagione, presidente della Ternana divenne il commendator Lucioli, subentrato al Cav. De Sio.\u00a0<br>Tornando a quel campionato vinto praticamente con quella partita del 17\/5\/1964 contro la Jesina, posso dirti che la domenica successiva mio zio, fotografo, mi port\u00f2 a Citt\u00e0 di Castello, dove lui doveva fare un servizio fotografico sulla partita delle Fere. Era quella l\u2019ultima partita di un campionato gi\u00e0 vinto. Cos\u00ec ho vissuto la partita a bordo-campo, guardando i miei idoli da vicino. Sergio Tonini (fu lui ad esser definito &#8220;FERA&#8221; per primo) segn\u00f2 nel primo tempo il suo 20\u00b0 goal di quel campionato, vincendo cos\u00ec la classifica dei cannonieri sul suo compagno di squadra Corrado Perli (19 goal).\u00a0<br>Da allora ho sempre sognato di poterlo incontrare e di poterlo ringraziare di persona per le prime vittorie a cui ho assistito nella mia vita, della squadra della mia citt\u00e0. Solo due anni fa, dopo l&#8217;ennesima ricerca su internet, ho scoperto che purtroppo Sergio Tonini era scomparso in una calda giornata d&#8217;agosto, mentre prendeva il sole lungo il fiume che scorre tra il suo paese natale, Canneto sull&#8217;Oglio (MN), e la cittadina dove viveva, Piadena (CR). Sono stato colpito dalla tristezza e dalla malinconia, cos\u00ec sono partito per un breve viaggio e sono andato in quei luoghi. Alla fine sono riuscito a trovate la figlia di Tonini, la quale \u00e8 stata felicissima di vedere che qualcuno si ricordava ancora delle gesta di suo padre. Da lei ho appreso che Sergio aveva dovuto interrompere l&#8217;attivit\u00e0 ancora giovane (29 anni) a seguito di un grave infortunio ad un ginocchio, quando era in forza all&#8217;Aquila. Mi ha fatto vedere delle foto incredibili, addirittura di un&#8217;amichevole che Tonini gioc\u00f2 con il Brescia contro il Milan, l&#8217;estate prima di trasferirsi a Terni, partita in cui si vede il nostro contendere un pallone a&#8230; Trapattoni !!! Bei ricordi, memoria e storia si sovrappongono&#8230;\u201d<\/p>\n\n\n\n<p>Si, \u00e8 proprio vero, sono bei ricordi e mi auguro che conoscendo questa triste storia, anche i tifosi rossoverdi pi\u00f9 giovani quando grideranno a squarciagola \u201cFere! Fere!\u201d rivolgeranno un dovuto pensiero a colui che, agendo in campo come una \u201cbelva feroce\u201d, fece si che quel motto nascesse e continuasse ancora oggi ad alzarsi nel cielo del Liberati e di tutti gli stadi d\u2019Italia. Sono sicuro che in qualche parte di quel cielo ci sar\u00e0 il \u201cnostro\u201d Tonini che, orgoglioso, star\u00e0 tifando Ternana: grazie Sergio!<\/p>\n\n\n\n<figure class=\"wp-block-table is-style-stripes\"><table class=\"has-vivid-red-background-color has-text-color has-background\" style=\"color:#17440d\"><thead><tr><th class=\"has-text-align-center\" data-align=\"center\">Stagione<\/th><th class=\"has-text-align-center\" data-align=\"center\">Competizione<\/th><th class=\"has-text-align-center\" data-align=\"center\">Presenze<\/th><th class=\"has-text-align-center\" data-align=\"center\">Goal<\/th><th class=\"has-text-align-center\" data-align=\"center\">Competizione<\/th><th class=\"has-text-align-center\" data-align=\"center\">Competizione<\/th><th class=\"has-text-align-center\" data-align=\"center\">Goal<\/th><\/tr><\/thead><tbody><tr><td class=\"has-text-align-center\" data-align=\"center\">1962-\u201963<\/td><td class=\"has-text-align-center\" data-align=\"center\">Serie D<\/td><td class=\"has-text-align-center\" data-align=\"center\">27<\/td><td class=\"has-text-align-center\" data-align=\"center\">12<\/td><td class=\"has-text-align-center\" data-align=\"center\">Coppa Italia<\/td><td class=\"has-text-align-center\" data-align=\"center\">n.a.<\/td><td class=\"has-text-align-center\" data-align=\"center\">n.a.<\/td><\/tr><tr><td class=\"has-text-align-center\" data-align=\"center\">1963-\u201964<\/td><td class=\"has-text-align-center\" data-align=\"center\">Serie D<\/td><td class=\"has-text-align-center\" data-align=\"center\">33<\/td><td class=\"has-text-align-center\" data-align=\"center\">20<\/td><td class=\"has-text-align-center\" data-align=\"center\">Coppa Italia<\/td><td class=\"has-text-align-center\" data-align=\"center\">n.a.<\/td><td class=\"has-text-align-center\" data-align=\"center\">n.a.<\/td><\/tr><tr><td class=\"has-text-align-center\" data-align=\"center\">1964-\u201965<\/td><td class=\"has-text-align-center\" data-align=\"center\">Serie C<\/td><td class=\"has-text-align-center\" data-align=\"center\">20<\/td><td class=\"has-text-align-center\" data-align=\"center\">6<\/td><td class=\"has-text-align-center\" data-align=\"center\">Coppa Italia<\/td><td class=\"has-text-align-center\" data-align=\"center\">n.a.<\/td><td class=\"has-text-align-center\" data-align=\"center\">n.a.<\/td><\/tr><\/tbody><\/table><figcaption>La carriera di Tonini in rossoverde<\/figcaption><\/figure>\n\n\n\n<figure class=\"wp-block-table is-style-stripes\"><table><thead><tr><th class=\"has-text-align-center\" data-align=\"center\">Stagione<\/th><th class=\"has-text-align-center\" data-align=\"center\">Squadra<\/th><th class=\"has-text-align-center\" data-align=\"center\">Serie<\/th><\/tr><\/thead><tbody><tr><td class=\"has-text-align-center\" data-align=\"center\">1956-\u201959<\/td><td class=\"has-text-align-center\" data-align=\"center\">Brescia <\/td><td class=\"has-text-align-center\" data-align=\"center\">Serie B<\/td><\/tr><tr><td class=\"has-text-align-center\" data-align=\"center\">1961-\u201962<\/td><td class=\"has-text-align-center\" data-align=\"center\">Brescia <\/td><td class=\"has-text-align-center\" data-align=\"center\">Serie B<\/td><\/tr><tr><td class=\"has-text-align-center\" data-align=\"center\">1962-\u201965<\/td><td class=\"has-text-align-center\" data-align=\"center\">Ternana <\/td><td class=\"has-text-align-center\" data-align=\"center\">Serie D &#8211; C<\/td><\/tr><tr><td class=\"has-text-align-center\" data-align=\"center\">1965-\u201966<\/td><td class=\"has-text-align-center\" data-align=\"center\">Tempio Pausania<\/td><td class=\"has-text-align-center\" data-align=\"center\">Serie D<\/td><\/tr><tr><td class=\"has-text-align-center\" data-align=\"center\">1966-\u201967<\/td><td class=\"has-text-align-center\" data-align=\"center\">L\u2019Aquila<\/td><td class=\"has-text-align-center\" data-align=\"center\">Serie C<\/td><\/tr><\/tbody><\/table><figcaption>La carriera di Sergio Tonini<\/figcaption><\/figure>\n\n\n\n<p><br>Visitate il sito <a href=\"http:\/\/www.memorierossoverdi.it\" title=\"www.memorierossoverdi.it\" target=\"_blank\" rel=\"noopener\">www.memorierossoverdi.it<\/a>: filmati d\u2019epoca, foto, articoli, poesie, collezioni di figurine, biglietti, gadgets, ecc. sulla Ternana.<\/p>\n\n\n\n<p><\/p>\n\n\n\n<p><strong><em>di Marco Barcarotti<\/em><\/strong><\/p>\n\n\n\n<div style=\"text-align:center\" class=\"wp-block-algori-social-share-buttons-block-algori-social-share-buttons\"><button class=\"bttn-minimal bttn-md bttn-primary algori-social-share-buttons-settings algori-social-share-buttons-facebook\" onclick=\"window.open('https:\/\/www.facebook.com\/sharer.php?u=https:\/\/dajemo.com\/?p=2539', '_blank')\"><i class=\"fab fa-facebook-f\"><\/i>\u00a0 \u00a0Facebook<\/button><button class=\"bttn-minimal bttn-md bttn-primary algori-social-share-buttons-settings algori-social-share-buttons-twitter\" onclick=\"window.open('https:\/\/twitter.com\/intent\/tweet?url=https:\/\/dajemo.com\/?p=2539', '_blank')\"><i class=\"fab fa-twitter\"><\/i>\u00a0 \u00a0Twitter<\/button><button class=\"bttn-minimal bttn-md bttn-primary algori-social-share-buttons-settings algori-social-share-buttons-whatsapp\" onclick=\"window.open('https:\/\/web.whatsapp.com\/send?text=https:\/\/dajemo.com\/?p=2539', '_blank')\"><i class=\"fab fa-whatsapp\"><\/i>\u00a0 \u00a0WhatsApp<\/button><button class=\"bttn-minimal bttn-md bttn-primary algori-social-share-buttons-settings algori-social-share-buttons-telegram\" onclick=\"window.open('https:\/\/t.me\/share\/url?url=https:\/\/dajemo.com\/?p=2539', '_blank')\"><i class=\"fab fa-telegram\"><\/i>\u00a0 \u00a0Telegram<\/button><\/div>\n","protected":false},"excerpt":{"rendered":"<p>Chi scrive in questa rubrica fa \u00a0parte di quella generazione che ricorda, perch\u00e9 li ha vissuti da giovane tifoso, gli anni d\u2019oro della Ternana, i \u201cmitici\u201d anni \u201960 e \u201970. Probabilmente la mia esperienza&#46;&#46;&#46;<\/p>\n","protected":false},"author":1,"featured_media":2537,"comment_status":"open","ping_status":"open","sticky":false,"template":"","format":"standard","meta":{"_eb_attr":"","pgc_sgb_lightbox_settings":"","footnotes":""},"categories":[84],"tags":[],"class_list":["post-2539","post","type-post","status-publish","format-standard","has-post-thumbnail","hentry","category-incontri-con-gli-ex"],"_links":{"self":[{"href":"https:\/\/dajemo.com\/index.php?rest_route=\/wp\/v2\/posts\/2539","targetHints":{"allow":["GET"]}}],"collection":[{"href":"https:\/\/dajemo.com\/index.php?rest_route=\/wp\/v2\/posts"}],"about":[{"href":"https:\/\/dajemo.com\/index.php?rest_route=\/wp\/v2\/types\/post"}],"author":[{"embeddable":true,"href":"https:\/\/dajemo.com\/index.php?rest_route=\/wp\/v2\/users\/1"}],"replies":[{"embeddable":true,"href":"https:\/\/dajemo.com\/index.php?rest_route=%2Fwp%2Fv2%2Fcomments&post=2539"}],"version-history":[{"count":2,"href":"https:\/\/dajemo.com\/index.php?rest_route=\/wp\/v2\/posts\/2539\/revisions"}],"predecessor-version":[{"id":2986,"href":"https:\/\/dajemo.com\/index.php?rest_route=\/wp\/v2\/posts\/2539\/revisions\/2986"}],"wp:featuredmedia":[{"embeddable":true,"href":"https:\/\/dajemo.com\/index.php?rest_route=\/wp\/v2\/media\/2537"}],"wp:attachment":[{"href":"https:\/\/dajemo.com\/index.php?rest_route=%2Fwp%2Fv2%2Fmedia&parent=2539"}],"wp:term":[{"taxonomy":"category","embeddable":true,"href":"https:\/\/dajemo.com\/index.php?rest_route=%2Fwp%2Fv2%2Fcategories&post=2539"},{"taxonomy":"post_tag","embeddable":true,"href":"https:\/\/dajemo.com\/index.php?rest_route=%2Fwp%2Fv2%2Ftags&post=2539"}],"curies":[{"name":"wp","href":"https:\/\/api.w.org\/{rel}","templated":true}]}}