{"id":3054,"date":"2022-03-24T09:56:56","date_gmt":"2022-03-24T09:56:56","guid":{"rendered":"https:\/\/dajemo.com\/?p=3054"},"modified":"2022-07-01T14:42:47","modified_gmt":"2022-07-01T14:42:47","slug":"incontri-con-gli-ex-silvio-cei","status":"publish","type":"post","link":"https:\/\/dajemo.com\/?p=3054","title":{"rendered":"Incontri con gli EX: SILVIO CEI"},"content":{"rendered":"\n<div class=\"wp-block-image\"><figure class=\"alignleft size-full\"><img loading=\"lazy\" decoding=\"async\" width=\"300\" height=\"300\" src=\"https:\/\/dajemo.com\/wp-content\/uploads\/2022\/03\/1977-78.-Caccia-Cei-001.jpg\" alt=\"\" class=\"wp-image-3053\" title=\"\" srcset=\"https:\/\/dajemo.com\/wp-content\/uploads\/2022\/03\/1977-78.-Caccia-Cei-001.jpg 300w, https:\/\/dajemo.com\/wp-content\/uploads\/2022\/03\/1977-78.-Caccia-Cei-001-150x150.jpg 150w, https:\/\/dajemo.com\/wp-content\/uploads\/2022\/03\/1977-78.-Caccia-Cei-001-80x80.jpg 80w, https:\/\/dajemo.com\/wp-content\/uploads\/2022\/03\/1977-78.-Caccia-Cei-001-100x100.jpg 100w\" sizes=\"auto, (max-width: 300px) 100vw, 300px\" \/><\/figure><\/div>\n\n\n\n<p>La Ternana nella seconda met\u00e0 degli anni \u201970, dopo aver assaporato per due volte la massima serie, partecip\u00f2 ininterrottamente al campionato di serie B. Con la seconda retrocessione per\u00f2 cambiano le situazioni. Prima di tutto c\u2019\u00e8 un avvicendamento nelle cariche dirigenziali, cominciando dal presidente, dove Tiberi prender\u00e0 il posto di Taddei. Poi ci sar\u00e0 un susseguirsi di allenatori sulla panchina rossoverde, con conseguente alti e bassi nei risultati. Ma la Ternana in quel periodo aveva anche un buon settore giovanile e tanti giovani giocatori riuscivano ad emergere da quella realt\u00e0, oppure venivano acquistati da societ\u00e0 minori per farli crescere e portarli poi in prima squadra. Tra i giovani rossoverdi che possono essere considerati un emblema di questo modus operandi c\u2019\u00e8 l\u2019ex-rossoverde che abbiamo incontrato questa volta: Silvio Cei.<br>Cei nasce a Firenze il 16-05-1958 e cresce calcisticamente nelle file della Lastrigiana, poi passa alla Fiorentina ed infine alla Sestese nel ruolo di difensore. Arriva alla Ternana, ancora giovanissimo, nell\u2019estate del 1975 per andare a rinforzare, insieme a molti altri ragazzi, il settore giovanile della Societ\u00e0. Nella stagione successiva, con alla guida il ternano Omero Andreani, fa l\u2019esordio in prima squadra, in serie B, nelle ultime giornate di campionato. Rimarr\u00e0 in casacca rossoverde anche per la stagione 1977-\u201978, con alla guida Mister Marchesi, poi al termine di essa sar\u00e0 ceduto alla Triestina in serie C1.<br>Ma le strade di Cei e della Ternana torneranno ad incrociarsi ancora quando nell\u2019estate del 1979, durante il suo servizio militare, torna a Terni, in serie B, con allenatore Nello Santin, per poi passare a novembre all\u2019Arezzo, vista la poca considerazione del tecnico rossoverde nei suoi confronti. Nell\u2019estate del 1980, quando la Ternana era appena retrocessa in serie C1, torner\u00e0 a vestire la maglia delle Fere per una stagione ancora. Al termine di quella stagione Cei lascer\u00e0 definitivamente la Ternana per approdare al Livorno, per poi proseguire la sua carriera in altre societ\u00e0 di serie C1 e B. Alla fine della sua carriera passer\u00e0 \u201cdall\u2019altra parte della barricata\u201d intraprendendo la carriera di allenatore. Oggi Cei vive a Montelupo Fiorentino (FI) ed \u00e8 sempre nel mondo del calcio allenando il Real Vinci, militante nel campionato di 1\u00b0 categoria toscana. La passione per il calcio \u00e8 sempre altissima nonostante i grandi impegni lavorativi in una azienda leader nel settore mondiale della Logistica e Trasporti.<\/p>\n\n\n\n<p>1) <em>Signor Cei, come ha cominciato a giocare a calcio da bambino nella sua citt\u00e0?<\/em><br>Abitavo nei pressi del campo sportivo di Lastra a Signa e passavo gran parte del mio tempo a giocare a calcio con i miei compagni. Quindi la prima squadra che mi ha tesserato all\u2019et\u00e0 di 10 anni \u00e8 stata la Lastrigiana.<\/p>\n\n\n\n<p><br>2) <em>Suo padre e sua madre come hanno seguito la sua carriera?<\/em><br>Mio padre \u00e8 stato decisivo nella scelta di andare alla Sestese dopo la delusione di non essere confermato alla Fiorentina e mi \u00e8 sempre stato vicino dal punto di vista morale.<\/p>\n\n\n\n<p><br>3) <em>Lei arriv\u00f2 alla Ternana nell\u2019estate del 1975, proveniente dalla Sestese, e come altri giovani giocatori venne acquistato per andare a rinforzare le formazioni della \u201cPrimavera\u201d e della \u201cBerretti\u201d. Che esperienza fu quella del suo primo anno in casacca rossoverde?<\/em><br>Per la mia giovane et\u00e0 dovevo far parte della Berretti, ma da subito fui inserito nell\u2019organico della Primavera, disputando un grande campionato e ricoprendo tutti i ruoli della difesa<\/p>\n\n\n\n<p>.<br>4) <em>In quella stagione nelle file delle giovanili rossoverdi arriv\u00f2 anche il perugino Serse Cosmi, che tanta strada poi avrebbe fatto nel mondo del calcio. Ci racconta chi era Cosmi in quel periodo?<br><\/em>Con Serse da subito si cre\u00f2 un grande feeling. Anche se lui fu impiegato per lo pi\u00f9 nella formazione Berretti (le sue qualit\u00e0 fisiche e tecniche sinceramente non erano eccelsi), alloggiavamo insieme alla Domus Gratiae ed abbiamo condiviso tante cose insieme, dallo studio alle marachelle tipiche della giovent\u00f9. Cosmi \u00e8 stato il mio primo estimatore, continuamente mi consigliava di farmi trovare pronto all\u2019appuntamento con la prima squadra perch\u00e9, mi diceva, prima o poi sarebbe arrivato.<\/p>\n\n\n\n<p><br>5) <em>Nella stagione successiva lei arriva in prima squadra e fa l\u2019esordio in serie B (Ternana-Ascoli 3-2, il 05-06-1977). Ricorda le emozioni di quel giorno?<\/em><br>Di quel giorno ricordo tutto! Anche quella domenica, nonostante le tante assenze, non dovevo giocare. Poi la mattina della gara, Danilo Ferrari accus\u00f2 una febbre alta da virus influenzale e cos\u00ec finalmente arriv\u00f2 il mio momento. Dopo pochi minuti da un mio cross andammo in vantaggio e disputai una grande partita.<\/p>\n\n\n\n<p><br>6) <em>Lei in quella stagione scese in campo per tre volte, esattamente nelle ultime tre del calendario. E proprio in quelle tre partite, con Mister Andreani alla guida, avvenne una sorta di miracolo quando vincendole tutte e tre, compreso quella del \u201cCibali\u201d di Catania, la Ternana si salv\u00f2 all\u2019ultima giornata, a spese proprio della societ\u00e0 etnea. Per un giovane debuttante una gran bella esperienza e soddisfazione, vero?<\/em><br>Dopo l\u2019esordio con l\u2019Ascoli, la domenica successiva giocavamo a Catania e fui confermato tra i titolari, nonostante il recupero di tutta la rosa. Il mio compagno Masiello nell\u2019effettuare una rovesciata difensiva mi colp\u00ec sul labbro provocandomi una ferita. Il dottore ed i massaggiatore entrarono in campo e chiesero la mia sostituzione. Io gli dissi di mettermi un cerotto perch\u00e9 non sarei uscito per niente al mondo dal campo. Fin\u00ec 1 a 0 per noi. A fine gara mi applicarono 3 punti di sutura ma io avevo terminato la gara che ci consent\u00ec di raggiungere la salvezza. Ad Orte ricordo la massa dei tifosi ternani che vennero ad aspettarci di ritorno da Catania a notte inoltrata. Sensazioni straordinarie che non \u00e8 possibile spiegare con le parole.<\/p>\n\n\n\n<p><br>7) <em>Allenatore di quella Ternana era Omero Andreani, il quale aveva sostituito Mister Maldini, a sua volta sostituto di Mister Fabbri. Che rapporto aveva con il mister?<\/em><br>Omero incuteva timore a tutti noi giovani. Molto duro dal punto di vista disciplinare, non mi ha mai perdonato il fatto di essermi fidanzato con la mia futura moglie Serenella quando ancora facevo parte della Primavera. Nonostante questo per\u00f2, valutando il contesto di quell\u2019epoca, ho sempre ammesso che grazie a lui ho terminato il mio percorso di giovane calciatore che mi ha proiettato nel calcio professionistico, facendo miei quei valori essenziali per giocare al calcio.<\/p>\n\n\n\n<p><br>8) <em>Nella stagione successiva sulla panchina rossoverde arriv\u00f2 Mister Marchesi. Quali le differenze con il predecessore?<\/em><br>Marchesi era un aristocratico del calcio. Caratterialmente era l\u2019esatto contrario di Andreani. Persona pacata con modi garbati. Da un punto di vista dell\u2019esperienza personale e di formazione, Andreani ha inciso molto di pi\u00f9 sulla mia modesta carriera.<\/p>\n\n\n\n<p><br>9) <em>Quel campionato vide la Ternana tra le protagoniste, sempre ben piazzata in classifica, fino a met\u00e0 del girone di ritorno, quando alcuni risultati negativi compromisero la possibilit\u00e0 di arrivare alla serie A, visto che si piazz\u00f2 al quarto posto finale, a soli due punti dalla terza classificata. Secondo lei quali furono le cause di questa cocente delusione per tutto l\u2019ambiente?<\/em><br>All\u2019inizio la squadra non era accreditata tra le pretendenti alla promozione in seria A, per\u00f2 dopo le prime gare dimostrammo di esserci anche noi. Secondo me nel girone di ritorno Marchesi fece troppa gestione dello spogliatoio, accontentando i giocatori pi\u00f9 anziani invece di far giocare chi era pi\u00f9 pronto, compreso il sottoscritto che fu messo un po\u2019 in disparte. Nello sport i treni quando passano vanno presi al volo!!!!!<\/p>\n\n\n\n<p><br>10) <em>In quel campionato lei scese in campo per 22 volte. Considerando che non aveva compiuto ancora venti anni, una bella soddisfazione. Non trova?<\/em><br>Come accennato nella risposta precedente, le mie presenze non furono distribuite bene. Giocai tante partite nel girone di andata e solo alla fine del girone di ritorno fui nuovamente impiegato da titolare. Questo mi ha precluso diverse opportunit\u00e0 che si erano create nella prima parte del torneo. Sono stato convocato pi\u00f9 volte nella Nazionale Under 21 di Vicini. Avevo delle chance di approdare in qualche club importante di serie A. Questo \u00e8 l\u2019unico rammarico della mia vita calcistica.<\/p>\n\n\n\n<p><br>11) <em>Nonostante questo per\u00f2 al termine del campionato viene ceduto alla Triestina in C1. Come la prese?<\/em><br>Ci fu uno scambio tra me e Mitri. Un giocatore che aveva fatto bene a Trieste, della mia stessa et\u00e0. Io nella Triestina disputai un campionato fantastico con 32 presenze su 34 gare e perdemmo lo spareggio con il Parma di Ancellotti per andare in serie B. Con la testa giocavo a Trieste ma con il cuore ero ancora a Terni.<\/p>\n\n\n\n<p><br>12) Poi, due stagioni dopo, nell\u2019estate del 1980, con la Ternana appena retrocessa in C1, lei torna a vestire <em>la casacca delle Fere. Quali furono le dinamiche che la portarono a tornare?<\/em><br>Io ho sposato Serenella Claudili, figlia del mio compianto suocero Gaetano, il quale dava una mano in Societ\u00e0 per l\u2019organizzazione extra-calcio. Tutto quello che lui ha fatto nella Ternana \u00e8 stato sempre per pura passione, senza mai ricevere un compenso economico. Ebbene, questo fattore \u00e8 stato per me un grande ostacolo calcistico, tanto che in una trasmissione a Tele Terni ci fu una telefonata anonima infamante. Racconto questo episodio per far capire quanto la cattiveria e l\u2019invidia delle persone hanno influito sulla mia avventura rossoverde. Credo che il popolo ternano non abbia mai compreso fino in fondo chi era Silvio Cei e soprattutto cosa dava per la maglia che indossava. Ringrazio comunque tutta la citt\u00e0 e tante persone che ho conosciuto, perch\u00e9 aver trovato una donna straordinaria come la mia Serenella basta ed avanza per far s\u00ec che Terni rappresenti la tappa pi\u00f9 importante della mia vita.<\/p>\n\n\n\n<p><br>13) <em>Che ambiente trov\u00f2 rispetto a quello che aveva lasciato solo due anni prima?<\/em><br>Prima di tutto non era pi\u00f9 presidente Gianfranco Tiberi, persona di grande spessore morale e primo tifoso della Ternana. La squadra era totalmente cambiata, con molti giovani bravi e giocatori che venivano da categorie inferiori.<\/p>\n\n\n\n<p><br>14) <em>Quel campionato, con alla guida Mister Andreani sostituito poi da Mister Ghio, era il primo di C1 e forse tutto l\u2019ambiente si aspettava qualcosa di meglio di un piazzamento finale ad un solo punto dalla zona retrocessione. Che campionato fu per lei e per tutto l\u2019ambiente?<\/em><br>Fu un campionato molto deludente ed anonimo, con alti e bassi. Unico acuto fu la finale di Coppa Italia persa malamente contro l\u2019Arezzo. Ghio fece gestione di spogliatoio, cercando di accontentare tutti, cambiando sempre la formazione.<\/p>\n\n\n\n<p><br>15) <em>Nonostante questo dato negativo, la Ternana in quella stagione arriv\u00f2 appunto alla finale di Coppa Italia semi-professionisti, perdendo la doppia finale contro la sua ex squadra, l\u2019Arezzo. Ricorda le sue sensazioni di quelle due partite?<\/em><br>Io giocai ambedue le partite. Nella prima, in casa, ricordo che ci fu troppa prudenza e fin\u00ec 1-0 (il 17-06-1981). Nel ritorno rimanemmo subito in dieci per l\u2019espulsione di Pedrazzini, ma nonostante questo handicap tenemmo il campo con orgoglio e perdemmo per 2-0 nei tempi supplementari (il 20-06-1981). Ripeto che i treni vanno presi quando passano e le partite vanno giocate sempre per vincere.<\/p>\n\n\n\n<p><br>16) <em>Al termine di quella stagione lei lascia di nuovo la Ternana, questa volta definitivamente, trasferendosi al Livorno. Anche in questo caso, quali le dinamiche?<\/em><br>Appresi dal giornale, la mattina dopo la chiusura del mercato, del trasferimento al Livorno. Neanche una telefonata da parte della Societ\u00e0. Bruttissima cosa questa, che ha chiuso il mio rapporto con la Ternana nel peggiore dei modi. Livorno era una societ\u00e0 sull\u2019orlo del fallimento ma decisi di accettare ugualmente, per liberarmi definitivamente del rapporto di amore che mi legava a Terni: mai scelta fu pi\u00f9 azzeccata!<\/p>\n\n\n\n<p><br>1<em>7) In quei suoi anni in rossoverde ha avuto come presidenti Tiberi e Garofoli. Che rapporto avevate voi giocatori con loro? Quali le differenze tra i due?<\/em><br>Tiberi \u00e8 stato sicuramente un Presidente pi\u00f9 vicino al mio modo di pensare. Passionale, vulcanico, con personalit\u00e0 spiccata, che per\u00f2 trasmetteva entusiasmo in ogni circostanza. Garofoli, pur essendo una persona molto seria e capace, non ha per\u00f2 mai trasmesso quella carica utile alla squadra per dare quel qualcosa in pi\u00f9. In ogni caso, due tipi di persone che al mondo d\u2019oggi non esistono pi\u00f9. Per di pi\u00f9 ternani!<\/p>\n\n\n\n<p><br>18) <em>Dei suoi compagni di squadra chi erano i suoi amici anche fuori dal campo?<\/em><br>Riguardo alla Ternana i giocatori con cui ho legato di pi\u00f9 sono stati Silvano Gelli e Pietro Biagini, non a caso toscani come me. In linea generale per\u00f2 andavo d\u2019accordo con tutti, sempre che all\u2019interno dello spogliatoio venisse privilegiato il gruppo e non le cose personali.<\/p>\n\n\n\n<p><br>19)<em> Le strade tra lei e la Ternana torneranno ad incrociarsi nella stagione 1985-\u201986, quando militava nel Messina di Mister Scoglio (Ternana-Messina 1-3, il 15-12-1985), in una giornata rimasta nella storia recente del tifo rossoverde. Infatti quella partita si gioc\u00f2 in campo neutro a\u2026.Perugia, dove ci furono dei violenti scontri tra i tifosi rossoverdi e quelli del Grifo. Che ricordi ha di quella giornata cos\u00ec \u201cparticolare\u201d?<\/em><br>Purtroppo proprio in quella fatidica partita ho riportato l\u2019incidente al ginocchio che a fine campionato mi ha costretto ad abbandonare il calcio giocato. Quindi i miei ricordi associano a questo episodio la fine della mia carriera di giocatore. Non ho altri commenti.<\/p>\n\n\n\n<p><br>20) <em>Qual \u00e8 stata la gioia pi\u00f9 grande nella sua carriera in rossoverde? E quella pi\u00f9 dolorosa?<\/em><br>Il ricordo pi\u00f9 bello \u00e8 sicuramente quello dell\u2019esordio con l\u2019Ascoli. Il pi\u00f9 brutto \u00e8 senz\u2019altro l\u2019esperienza con Nello Santin, il quale non mi ha mai considerato, sia come calciatore, ma soprattutto come persona. Veramente una cosa bruttissima.<\/p>\n\n\n\n<p><em><br>21) Per concludere, che rapporto ha oggi, dopo tutti questi anni, con Terni e con l\u2019ambiente rossoverde?<\/em><br>Ho mio figlio Manuel e mio nipote Francesco che vivono a Terni e loro mi tengono aggiornato su tutte le vicende rossoverdi. Seguo in TV le partite, ma ormai Terni per me rimane soltanto la citt\u00e0 di mia moglie e della sua splendida famiglia, anche se il cuore batte un p\u00f2 pi\u00f9 veloce quando vedo le maglie rossoverdi.<\/p>\n\n\n\n<figure class=\"wp-block-table is-style-stripes\"><table class=\"has-vivid-red-background-color has-text-color has-background\" style=\"color:#1b5018\"><thead><tr><th class=\"has-text-align-center\" data-align=\"center\">Stagione<\/th><th class=\"has-text-align-center\" data-align=\"center\">Competizione<\/th><th class=\"has-text-align-center\" data-align=\"center\">Presenze<\/th><th class=\"has-text-align-center\" data-align=\"center\">Goal<\/th><th class=\"has-text-align-center\" data-align=\"center\">Competizione<\/th><th class=\"has-text-align-center\" data-align=\"center\">Presenze<\/th><th class=\"has-text-align-center\" data-align=\"center\">Goal<\/th><\/tr><\/thead><tbody><tr><td class=\"has-text-align-center\" data-align=\"center\">1975-\u201976<\/td><td class=\"has-text-align-center\" data-align=\"center\">Giovanili<\/td><td class=\"has-text-align-center\" data-align=\"center\">n.a<\/td><td class=\"has-text-align-center\" data-align=\"center\">n.a.<\/td><td class=\"has-text-align-center\" data-align=\"center\">n.a.<\/td><td class=\"has-text-align-center\" data-align=\"center\">n.a.<\/td><td class=\"has-text-align-center\" data-align=\"center\">n.a.<\/td><\/tr><tr><td class=\"has-text-align-center\" data-align=\"center\">1976-\u201977<\/td><td class=\"has-text-align-center\" data-align=\"center\">Serie B<\/td><td class=\"has-text-align-center\" data-align=\"center\">3<\/td><td class=\"has-text-align-center\" data-align=\"center\">0<\/td><td class=\"has-text-align-center\" data-align=\"center\">Coppa Italia<\/td><td class=\"has-text-align-center\" data-align=\"center\">0<\/td><td class=\"has-text-align-center\" data-align=\"center\">0<\/td><\/tr><tr><td class=\"has-text-align-center\" data-align=\"center\">1977-\u201978<\/td><td class=\"has-text-align-center\" data-align=\"center\">Serie B<\/td><td class=\"has-text-align-center\" data-align=\"center\">22<\/td><td class=\"has-text-align-center\" data-align=\"center\">0<\/td><td class=\"has-text-align-center\" data-align=\"center\">Coppa Italia<\/td><td class=\"has-text-align-center\" data-align=\"center\">0<\/td><td class=\"has-text-align-center\" data-align=\"center\">0<\/td><\/tr><tr><td class=\"has-text-align-center\" data-align=\"center\">1980-\u201981<\/td><td class=\"has-text-align-center\" data-align=\"center\">Serie C1<\/td><td class=\"has-text-align-center\" data-align=\"center\">22<\/td><td class=\"has-text-align-center\" data-align=\"center\">0<\/td><td class=\"has-text-align-center\" data-align=\"center\">Coppa Italia<\/td><td class=\"has-text-align-center\" data-align=\"center\">12<\/td><td class=\"has-text-align-center\" data-align=\"center\">2<\/td><\/tr><\/tbody><\/table><figcaption>La carriera di Cei in rossoverde<\/figcaption><\/figure>\n\n\n\n<figure class=\"wp-block-table is-style-stripes\"><table><thead><tr><th class=\"has-text-align-center\" data-align=\"center\">Stagione<\/th><th class=\"has-text-align-center\" data-align=\"center\">Squadra<\/th><th class=\"has-text-align-center\" data-align=\"center\">Serie<\/th><\/tr><\/thead><tbody><tr><td class=\"has-text-align-center\" data-align=\"center\">1974-\u201875<\/td><td class=\"has-text-align-center\" data-align=\"center\">Sestese<\/td><td class=\"has-text-align-center\" data-align=\"center\">Giovanili<\/td><\/tr><tr><td class=\"has-text-align-center\" data-align=\"center\">1975-\u201978<\/td><td class=\"has-text-align-center\" data-align=\"center\">Ternana<\/td><td class=\"has-text-align-center\" data-align=\"center\">Serie B<\/td><\/tr><tr><td class=\"has-text-align-center\" data-align=\"center\">1978-\u201979<\/td><td class=\"has-text-align-center\" data-align=\"center\">Triestina<\/td><td class=\"has-text-align-center\" data-align=\"center\">Serie C1<\/td><\/tr><tr><td class=\"has-text-align-center\" data-align=\"center\">1979<\/td><td class=\"has-text-align-center\" data-align=\"center\">Ternana<\/td><td class=\"has-text-align-center\" data-align=\"center\">Serie B<\/td><\/tr><tr><td class=\"has-text-align-center\" data-align=\"center\">1979-\u201980<\/td><td class=\"has-text-align-center\" data-align=\"center\">Arezzo<\/td><td class=\"has-text-align-center\" data-align=\"center\">Serie C1<\/td><\/tr><tr><td class=\"has-text-align-center\" data-align=\"center\">1980-\u201981<\/td><td class=\"has-text-align-center\" data-align=\"center\">Ternana<\/td><td class=\"has-text-align-center\" data-align=\"center\">Serie C1<\/td><\/tr><tr><td class=\"has-text-align-center\" data-align=\"center\">1981-\u201983<\/td><td class=\"has-text-align-center\" data-align=\"center\">Livorno<\/td><td class=\"has-text-align-center\" data-align=\"center\">Serie C1<\/td><\/tr><tr><td class=\"has-text-align-center\" data-align=\"center\">1983-\u201985<\/td><td class=\"has-text-align-center\" data-align=\"center\">Reggiana<\/td><td class=\"has-text-align-center\" data-align=\"center\">Serie C1<\/td><\/tr><tr><td class=\"has-text-align-center\" data-align=\"center\">1985-\u201986<\/td><td class=\"has-text-align-center\" data-align=\"center\">Messina<\/td><td class=\"has-text-align-center\" data-align=\"center\">Serie C1<\/td><\/tr><\/tbody><\/table><figcaption>La carriera di Silvio Cei<\/figcaption><\/figure>\n\n\n\n<p>Da allenatore Silvio Cei ha allenato, dalla prima categoria al Nazionale Dilettanti, in tante squadre toscane. Ha vinto 8 campionati. Attualmente allena il Real Vinci in Prima Categoria.<\/p>\n\n\n\n<p>Visitate il sito&nbsp;<a href=\"https:\/\/www.memorierossoverdi.it\/\" target=\"_blank\" rel=\"noopener\">www.memorierossoverdi.it<\/a>: filmati d\u2019epoca, foto, articoli, poesie, collezioni di figurine, biglietti, gadgets, ecc. sulla Ternana.<\/p>\n\n\n\n<p><strong><em>di Marco Barcarotti<\/em><\/strong><\/p>\n\n\n\n<div style=\"text-align:center\" class=\"wp-block-algori-social-share-buttons-block-algori-social-share-buttons\"><button class=\"bttn-minimal bttn-md bttn-primary algori-social-share-buttons-settings algori-social-share-buttons-facebook\" onclick=\"window.open('https:\/\/www.facebook.com\/sharer.php?u=https:\/\/dajemo.com\/?p=3054', '_blank')\"><i class=\"fab fa-facebook-f\"><\/i>\u00a0 \u00a0Facebook<\/button><button class=\"bttn-minimal bttn-md bttn-primary algori-social-share-buttons-settings algori-social-share-buttons-twitter\" onclick=\"window.open('https:\/\/twitter.com\/intent\/tweet?url=https:\/\/dajemo.com\/?p=3054', '_blank')\"><i class=\"fab fa-twitter\"><\/i>\u00a0 \u00a0Twitter<\/button><button class=\"bttn-minimal bttn-md bttn-primary algori-social-share-buttons-settings algori-social-share-buttons-whatsapp\" onclick=\"window.open('https:\/\/web.whatsapp.com\/send?text=https:\/\/dajemo.com\/?p=3054', '_blank')\"><i class=\"fab fa-whatsapp\"><\/i>\u00a0 \u00a0WhatsApp<\/button><button class=\"bttn-minimal bttn-md bttn-primary algori-social-share-buttons-settings algori-social-share-buttons-telegram\" onclick=\"window.open('https:\/\/t.me\/share\/url?url=https:\/\/dajemo.com\/?p=3054', '_blank')\"><i class=\"fab fa-telegram\"><\/i>\u00a0 \u00a0Telegram<\/button><\/div>\n","protected":false},"excerpt":{"rendered":"<p>La Ternana nella seconda met\u00e0 degli anni \u201970, dopo aver assaporato per due volte la massima serie, partecip\u00f2 ininterrottamente al campionato di serie B. Con la seconda retrocessione per\u00f2 cambiano le situazioni. Prima di&#46;&#46;&#46;<\/p>\n","protected":false},"author":1,"featured_media":3053,"comment_status":"open","ping_status":"open","sticky":false,"template":"","format":"standard","meta":{"_eb_attr":"","pgc_sgb_lightbox_settings":"","footnotes":""},"categories":[10],"tags":[],"class_list":["post-3054","post","type-post","status-publish","format-standard","has-post-thumbnail","hentry","category-interviste"],"_links":{"self":[{"href":"https:\/\/dajemo.com\/index.php?rest_route=\/wp\/v2\/posts\/3054","targetHints":{"allow":["GET"]}}],"collection":[{"href":"https:\/\/dajemo.com\/index.php?rest_route=\/wp\/v2\/posts"}],"about":[{"href":"https:\/\/dajemo.com\/index.php?rest_route=\/wp\/v2\/types\/post"}],"author":[{"embeddable":true,"href":"https:\/\/dajemo.com\/index.php?rest_route=\/wp\/v2\/users\/1"}],"replies":[{"embeddable":true,"href":"https:\/\/dajemo.com\/index.php?rest_route=%2Fwp%2Fv2%2Fcomments&post=3054"}],"version-history":[{"count":1,"href":"https:\/\/dajemo.com\/index.php?rest_route=\/wp\/v2\/posts\/3054\/revisions"}],"predecessor-version":[{"id":3055,"href":"https:\/\/dajemo.com\/index.php?rest_route=\/wp\/v2\/posts\/3054\/revisions\/3055"}],"wp:featuredmedia":[{"embeddable":true,"href":"https:\/\/dajemo.com\/index.php?rest_route=\/wp\/v2\/media\/3053"}],"wp:attachment":[{"href":"https:\/\/dajemo.com\/index.php?rest_route=%2Fwp%2Fv2%2Fmedia&parent=3054"}],"wp:term":[{"taxonomy":"category","embeddable":true,"href":"https:\/\/dajemo.com\/index.php?rest_route=%2Fwp%2Fv2%2Fcategories&post=3054"},{"taxonomy":"post_tag","embeddable":true,"href":"https:\/\/dajemo.com\/index.php?rest_route=%2Fwp%2Fv2%2Ftags&post=3054"}],"curies":[{"name":"wp","href":"https:\/\/api.w.org\/{rel}","templated":true}]}}