{"id":3175,"date":"2022-04-05T11:13:44","date_gmt":"2022-04-05T11:13:44","guid":{"rendered":"https:\/\/dajemo.com\/?p=3175"},"modified":"2022-07-01T14:41:32","modified_gmt":"2022-07-01T14:41:32","slug":"incontri-con-gli-ex-stefano-ambrosi","status":"publish","type":"post","link":"https:\/\/dajemo.com\/?p=3175","title":{"rendered":"Incontri con gli EX: STEFANO AMBROSI"},"content":{"rendered":"\n<div class=\"wp-block-image is-style-default\"><figure class=\"alignleft size-full\"><img loading=\"lazy\" decoding=\"async\" width=\"300\" height=\"300\" src=\"https:\/\/dajemo.com\/wp-content\/uploads\/2022\/04\/2011-10-02.-Ternana-Carpi-2-1-004-dal-Messaggero-del-03-10-2011.jpg\" alt=\"\" class=\"wp-image-3174\" title=\"\" srcset=\"https:\/\/dajemo.com\/wp-content\/uploads\/2022\/04\/2011-10-02.-Ternana-Carpi-2-1-004-dal-Messaggero-del-03-10-2011.jpg 300w, https:\/\/dajemo.com\/wp-content\/uploads\/2022\/04\/2011-10-02.-Ternana-Carpi-2-1-004-dal-Messaggero-del-03-10-2011-150x150.jpg 150w, https:\/\/dajemo.com\/wp-content\/uploads\/2022\/04\/2011-10-02.-Ternana-Carpi-2-1-004-dal-Messaggero-del-03-10-2011-80x80.jpg 80w, https:\/\/dajemo.com\/wp-content\/uploads\/2022\/04\/2011-10-02.-Ternana-Carpi-2-1-004-dal-Messaggero-del-03-10-2011-100x100.jpg 100w\" sizes=\"auto, (max-width: 300px) 100vw, 300px\" \/><\/figure><\/div>\n\n\n\n<p>Se c\u2019\u00e8 una squadra degli ultimi venti anni che ha veramente appassionato la tifoseria rossoverde, senza dubbio \u00e8 quella della promozione in serie B con Mister Toscano. Era quella la Ternana che emozionava e faceva battere i cuori di 7\/8.000 tifosi tutte le domeniche al Liberati ed i tifosi avevano imparato la formazione a memoria: Ambrosi, Ferraro, Pisacane, Miglietta, Gotti, Carcuro, Dianda, Litteri, Sinigaglia, Docente, Nol\u00e8. Ed ancora: Cejas, Fazio, De Giosa, Bernardi e la \u201cciliegina sulla torta\u201d del ternano Virgili. Insomma una squadra i cui componenti sono ancora nei cuori dei tifosi, sia perch\u00e9 fanno parte del recente passato, sia perch\u00e9 e soprattutto, fecero l\u2019impresa di vincere un campionato dopo anni ed anni di sofferenze. Calciatori di qualit\u00e0 per la categoria ma soprattutto gente vera, \u201ccon le palle\u201d, cosa quest\u2019ultima che erano anni che non capitava di vedere con la maglia rossoverde.\u00a0 Quel campionato rappresent\u00f2 una vera e propria svolta nella storia recente della Ternana, se consideriamo che solo nella stagione precedente i tifosi erano stati costretti a subire l\u2019onta di una retrocessione in C2 dopo la sconfitta nei playout nel derby con il Foligno. Fortunatamente poi in estate arriv\u00f2 il ripescaggio in C1 e anche la propriet\u00e0 della Societ\u00e0 decise di cambiare in maniera sostanziale e cos\u00ec arriv\u00f2 una nuova dirigenza, con il Presidente Zadotti in primis, e probabilmente un nuovo spirito di rivalsa. Abbiamo incontrato un protagonista indiscusso di quella stagione e parzialmente di quella successiva in serie B, il capitano di quella squadra: Stefano Ambrosi.<br>Ambrosi nasce ad Alatri (FR) il 08-05-1974 e cresce calcisticamente nella societ\u00e0 della mia citt\u00e0, Alatri, nel ruolo di portiere. Arriva a Terni nell\u2019estate del 2011 con un curriculum lungo e prestigioso in societ\u00e0 di serie C1, C2 e D, probabilmente cosciente di essere a fine carriera e quindi con la speranza di chiudere in bellezza, magari ottenendo una vittoria del campionato, come era gi\u00e0 capitato nel Cosenza e nella Cisco Roma. Come detto, riuscir\u00e0 in tale impresa e rimarr\u00e0 in maglia rossoverde anche nella stagione successiva quando per\u00f2 qualcosa si \u201cromper\u00e0\u201d e perder\u00e0 il posto da titolare a beneficio del giovane Brignoli, cosicch\u00e9 nella stagione successiva decider\u00e0 di appiccare le scarpette al classico chiodo. Oggi Ambrosi \u00e8 rimasto nel mondo del calcio essendo il titolare di una Scuola calcio, la \u201cLeocon Juventus Academy\u201d di Civitavecchia, dove ha la possibilit\u00e0 di insegnare ai bambini come stare tra i pali di una porta di calcio e non solo. Da quest\u2019anno poi \u00e8 anche il responsabile del settore giovanile del Civitavecchia Calcio.<\/p>\n\n\n\n<p><br>1) <em>Come comincia da bambino la storia di Ambrosi calciatore?\u00a0<\/em><br>Nella pi\u00f9 classica delle maniere dei miei tempi: nella piazza del mio paese con gli amici. L\u00ec, quelli un po\u2019 pi\u00f9 bravi, venivano notati e portati a giocare nella squadra del Fiuggi.<br>Ricordo che all\u2019et\u00e0 di 4\/5 anni, giocavamo gi\u00e0 in un campo di calcio a 11, cosa non certo abituale in quei tempi.<\/p>\n\n\n\n<p><br>2) <em>Chi gliel\u2019ha fatto fare di scegliersi il ruolo di portiere, considerando che nell\u2019immaginario collettivo \u00e8 quello il ruolo dei \u201cpazzi\u201d e degli scarsi con i piedi, oltre al fatto che si gioca spesso lontano dai compagni di squadra?\u00a0<\/em><br>C\u2019\u00e8 da dire che anche mio padre e mio nonno avevano giocato nel ruolo di portiere, per\u00f2 non fu questa particolarit\u00e0 a farmi decidere di andare a difendere la porta. Piuttosto mi ricordo che da bambino ero innamorato di Tacconi, portiere dell\u2019Avellino, e guardando le partite in tv lo ammiravo per le parate in tuffo che faceva. Probabilmente \u00e8 stato il desiderio di emulazione nei suoi confronti a spingermi a mettermi tra i pali di una porta.<\/p>\n\n\n\n<p><br>3) <em>Per quale squadra tifava da bambino? Chi era il suo idolo calcistico?<\/em><br>Da bambino tifavo per la Juventus perch\u00e9 mio padre era tifoso juventino, poi per\u00f2 son diventato tifoso romanista dopo un\u2019amichevole giocata con la mia squadra contro la Roma di Falcao, nei primi anni \u201980. Ovviamente oggi ancora sono un tifoso giallorosso. Come gi\u00e0 detto, il mio idolo calcistico era Stefano Tacconi.<\/p>\n\n\n\n<p><br>4) <em>Arriva alla Ternana nell\u2019estate del 2011. Quali sono stati i risvolti di questo trasferimento in rossoverde?<\/em>\u00a0<br>Io avevo una grande amicizia con Mister Toscano, il quale era stato mio allenatore nel Cosenza, e mi sentivo spesso con lui. Avevo appena giocato, e purtroppo perso, i playoff con l\u2019Atletico Roma quando lui mi disse che c\u2019era per lui la possibilit\u00e0 di venire ad allenare la Ternana. Fu lui quindi che mi chiese se, in tal caso, fossi stato disposto a seguirlo ed io ovviamente accettai subito, senza sapere ancora se avremmo partecipato alla serie C2 o alla C1.\u00a0<\/p>\n\n\n\n<p><br>5) <em>La Ternana era appena retrocessa in C2 per\u00f2 si era quasi sicuri del ripescaggio in C1. Avrebbe accettato il trasferimento anche se fosse stata la categoria pi\u00f9 bassa?<\/em><br>Io arrivai in rossoverde e firmai il contratto per giocare in C2, categoria in cui era appena retrocessa la Ternana, dopo i playout persi contro il Foligno, poi per\u00f2, per fortuna, fummo ripescati nella categoria superiore.<\/p>\n\n\n\n<p>6) <em>Allenatore di quella Ternana era Mister Toscano che, come abbiamo visto, lei aveva gi\u00e0 avuto a Cosenza. Che allenatore \u00e8 stato per il calciatore e per l\u2019uomo Ambrosi?\u00a0<\/em><br>Un rapporto che andava ben oltre l\u2019aspetto professionale, visto che con lui c\u2019era un\u2019amicizia vera, come detto, fin dagli anni di Cosenza.\u00a0Tecnicamente \u00e8 un allenatore molto preparato, caparbio, che non lascia nulla al caso, uno che vuole sempre vincere e che fa di tutto per riuscirci. In quel momento credo gli servisse l\u2019aiuto di qualche giocatore di esperienza, come il sottoscritto, che lo aiutasse in campo per ottenere ci\u00f2 che lui voleva. Insomma, credo che ci siamo aiutati un po\u2019 a vicenda nell\u2019esperienza alla Ternana ed i risultati sono stati sotto gli occhi di tutti.\u00a0<\/p>\n\n\n\n<p><br>7) <em>Alla prima di campionato lei non potr\u00e0 scendere in campo perch\u00e9 squalificato. Far\u00e0 il suo esordio in rossoverde sul campo di Monza (Tritium-Ternana 2-0, l\u201911-09-2011). Ci dica la verit\u00e0, ha pensato per un attimo almeno: \u201ccominciamo bene!\u201d?\u00a0<\/em><br>Credo che anche quella sconfitta facesse parte di un processo di crescita che ci avrebbe poi portato alla vittoria finale del campionato. Probabilmente \u00e8 servita a \u201cregistrare\u201d alcune cose che in quel momento andavano sistemate. Quella era una squadra che sicuramente non era composta da fuoriclasse, da grandissimi campioni, ma la caratteristica principale era il carattere che aveva: gente di grande personalit\u00e0!\u00a0<\/p>\n\n\n\n<p><br>8) <em>Invece quel campionato sar\u00e0 un crescendo di risultati positivi e di emozioni. Che ricordo si porta dietro Ambrosi di quella stagione?\u00a0<\/em><br>Credo che la cosa pi\u00f9 bella sia stato il fatto che nelle prime partite allo stadio veniva poca gente, visto che la tifoseria era in forte contestazione nei confronti della Societ\u00e0, dopo tutto quello che era accaduto nella stagione precedente, ma poi, pian pianino, con i risultati ottenuti, lo stadio si riemp\u00ec sempre di pi\u00f9. Per tutti noi, calciatori e tecnici, questa \u00e8 stata sicuramente la soddisfazione pi\u00f9 grande, oltre ovviamente alla vittoria del campionato. Credo che il segreto fu che la squadra riusc\u00ec a capire la citt\u00e0, perch\u00e9 Terni \u00a0\u00e8 una di quelle citt\u00e0 che pu\u00f2 darti tantissimo, e se si capisce questo hai sicuramente una forza in pi\u00f9, altrimenti si alza un muro che separa le due entit\u00e0 e i risultati difficilmente possono arrivare. A dimostrazione di questo discorso, ricordo alcune iniziative a cui partecipammo, come le manifestazioni a difesa dell\u2019Acciaieria, la partita di beneficenza per Agatino Russo, le visite nei vari reparti dell\u2019Ospedale cittadino, ecc. Si era formata una \u201ctriade\u201d che voleva fortemente queste situazioni: io che rappresentavo la squadra, Betty Manini la Societ\u00e0 e Stefano lo sponsor ufficiale.\u00a0<\/p>\n\n\n\n<p><br>9) <em>In quel campionato la Ternana incontra nuovamente il Foligno (Foligno-Ternana 2-2 in Coppa Italia, il 31-08-2011, Ternana-Foligno 2-1, il 18-09-2011 e Foligno-Ternana 1-1, il 22-01-2012) che oltre ad essere un derby era anche la squadra che aveva fatto retrocedere in C2 i rossoverdi appena nel Giugno precedente. Sentivate voi giocatori l\u2019importanza di quelle partite per tutto l\u2019ambiente ternano?<\/em>\u00a0<br>Ovviamente sentivamo la pressione dell\u2019ambiente per\u00f2 non in maniera eccessiva, soprattutto perch\u00e9 dei calciatori che avevano subito quello smacco nella stagione precedente ne erano rimasti pi\u00f9 pochi (Nol\u00e8, Cejas, Sinigaglia e Lacheheb).\u00a0Ricordo per\u00f2 la delusione nel derby di ritorno quando subimmo il goal del pareggio negli ultimi minuti della partita. Pur non essendo un derby, la rivalit\u00e0 per tutta la durata del campionato, la sentivamo pi\u00f9 che altro nei confronti del Taranto, visto che ci siamo giocati la vittoria fino all\u2019ultimo.<\/p>\n\n\n\n<p><br>10) <em>Il 12-10-2011 la Ternana v\u00e0 a vincere sul campo del Taranto (0-1) in una partita che sarebbe risultata poi determinante ai fini della lotta per la promozione. Quel giorno al seguito delle Fere, all\u2019Erasmo Jacovone, arriv\u00f2 un solo eroico tifoso rossoverde. Che ricordo ha di quella giornata?<\/em><br>Ovviamente un gran bel ricordo perch\u00e9 quella vittoria fece capire a tutto l\u2019ambiente rossoverde che potevamo giocarcela con tutti per la vittoria finale. Personalmente quello stadio mi ha sempre portato fortuna, visto che nella stagione precedente, quando militavo con l\u2019Atletico Roma, vincemmo la semifinale dei play-off di serie C1. Fu per tale motivo che quel giorno della vittoria con la Ternana fui accolto dalla tifoseria tarantina con i fischi per tutta la partita.<\/p>\n\n\n\n<p><br>11) <em>La domenica successiva la Ternana incontra il Pisa dell\u2019ex-rossoverde Dino Pagliari al Liberati (Ternana-Pisa 1-0, il 16-10-2011). Arbitro il Sig. Maresca di Napoli, il quale concesse un rigore molto dubbio ai toscani ed espulse anche due giocatori rossoverdi (Stendardo e Bernardi) e Mister Toscano. Ricorda questa partita e le emozioni (o probabilmente la rabbia) per questi episodi descritti?<\/em><br>Come potrei non ricordarla?! Purtroppo con il Sig. Maresca non sarebbe stata l\u2019unica volta in cui abbiamo avuto dei problemi, visto che si \u00e8 ripetuto diverse altre volte. Quella partita contro il Pisa \u00e8 stata relativamente tranquilla per quasi l\u2019intera durata, poi in pochissimi minuti si scaten\u00f2 il finimondo!<\/p>\n\n\n\n<p><br>12) <em>Il 25-04-2012 si gioca la partita di recupero Ternana-Reggiana (2-0) che sancisce la vittoria del campionato. Seguiranno gli inevitabili festeggiamenti, al Liberati prima e in citt\u00e0 dopo. Che ricordi ha di quella indimenticabile giornata?<\/em>\u00a0<br>Quella stagione fu veramente incredibile. Se uno sceneggiatore avesse scritto una trama per raccontarla, non l\u2019avrebbe potuta scrivere meglio di quello che \u00e8 stato nella realt\u00e0! Ancora mi emoziono se ripenso a quel giorno, quando usciti dal Liberati con il pullman, migliaia di tifosi in festa ci accompagnarono per le vie della citt\u00e0, mentre noi giocatori salivamo sul tetto del pullman stesso, con le bandiere, a ballare e cantare. Ed una volta giunti a Piazza Tacito ci siamo lanciati nella Fontana per il classico \u201cbagno della vittoria\u201d: veramente indimenticabile!<\/p>\n\n\n\n<p><br>13) <em>Al termine di quella stagione, mentre tutta la citt\u00e0 era impegnata a festeggiare la promozione in serie B, si giocarono le due partite di Supercoppa di Lega contro lo Spezia (0-0 a Terni il 13-05-2012 e 2-1 per i liguri, a La Spezia, il 17-05-2012). Purtroppo quindi il trofeo non arriv\u00f2. Fu una delusione per voi calciatori oppure a quel punto della stagione era diventato un obiettivo non fondamentale?<\/em><br>Noi abbiamo subito uno stress cos\u00ec forte per tutta la durata del campionato che quando siamo arrivati a quel punto, una volta centrato l\u2019obiettivo, \u00e8 stato veramente difficile riuscire a rimanere tranquilli e concentrati per quello che poteva essere la ciliegina sulla torta.\u00a0<\/p>\n\n\n\n<p><br>14)<em> Si dice che nel calcio le fortune di una squadra le fa uno spogliatoio sano. E\u2019 risaputo che in quella Ternana fosse cos\u00ec e che lei fosse uno degli indiscussi \u00a0leader. Chi altro lo era, oltre lei?<\/em><br>Sicuramente Ferraro, Pisacane, Miglietta, Sinigaglia. Potrei aggiungere ancora qualche nome ma ribadisco il concetto che la vera forza di quella squadra era il gruppo, l\u2019unione che c\u2019era tra noi giocatori, ma anche tra noi e lo staff tecnico.<\/p>\n\n\n\n<p><br>15) <em>Nella stagione successiva lei viene riconfermato ed inizia come aveva terminato l\u2019anno precedente, cio\u00e8 praticamente da titolare, giocando 14 partite delle prime 16. Poi per\u00f2, dopo la partita Ternana-Lanciano 2-2 del 24-11-2012, lei verr\u00e0 sostituito definitivamente dal suo secondo, Brignoli. Cosa era accaduto?<\/em><br>Per la verit\u00e0 inizialmente avrei dovuto essere la riserva di Brignoli, che in estate era arrivato in maglia rossoverde, visto che la Societ\u00e0 aveva fatto la scelta di puntare su di lui, giovane promessa. Una scelta che poteva risultare anche abbastanza azzardata da parte della Societ\u00e0, visto che aveva giocato solo 12 partite in serie C, e cos\u00ec facendo io, ex-capitano, venivo dirottato in panchina. Toscano invece decise di fare giocare me le prime partite, poi ci fu l\u2019esordio di Brignoli, ma alla quarta giornata io ripresi il posto da titolare fino appunto alla partita contro il Lanciano. Credo, in tutta onest\u00e0, che a quel punto ci furono delle pressioni \u201cesterne\u201d che portarono \u00a0Mister Toscano alla scelta di mandare definitivamente in panchina me e lasciare il ruolo di primo portiere al giovane Brignoli.<\/p>\n\n\n\n<p><br>16) <em>Al termine di quella stagione lei non verr\u00e0 riconfermato e lascer\u00e0 per sempre quella maglia tanto amata. Si aspettava sinceramente qualcosa di pi\u00f9 dalla Societ\u00e0?\u00a0<\/em><br>Ovviamente ci rimasi male, per\u00f2 me lo aspettavo, visto quello che era accaduto nella stagione appena terminata.\u00a0Io sarei rimasto molto volentieri in rossoverde, nel ruolo di secondo portiere, con l\u2019obiettivo di far crescere il giovane Brignoli, avrei fatto un po\u2019 da \u201cchioccia\u201d per i pi\u00f9 giovani, ma la Societ\u00e0 decise diversamente e non mi rimase da fare altro che andare via e chiudere tristemente cos\u00ec la mia carriera professionistica. Io ero disposto anche a ridurmi il contratto pur di rimanere alla Ternana ma purtroppo non fu possibile. <\/p>\n\n\n\n<p><br>17) <em>Qual \u00e8 il momento della sua carriera in rossoverde che ricorda con pi\u00f9 piacere? Ed il pi\u00f9 brutto?<\/em><br>Il pi\u00f9 brutto sicuramente quando la Societ\u00e0 ha scelto di non riconfermarmi, nonostante tutto quello che avevo dato, sia in campo che fuori. Di momenti belli ce ne sono stati molti, ma sicuramente il ricordo del giorno della vittoria del campionato \u00e8 quello che mi porter\u00f2 dietro per tutta la vita.<\/p>\n\n\n\n<p><br>18) <em>Con chi instaur\u00f2, tra i suoi ex-compagni, l\u2019amicizia pi\u00f9 importante nei suoi due anni in rossoverde? Chi di loro frequenta ancora?<\/em><br>Sinceramente avevo un ottimo rapporto un po\u2019 con tutti, anche se con qualcuno c\u2019era un qualcosa in pi\u00f9, come con Ferraro, Pisacane, Sinigaglia. Con loro ancora, ogni tanto, ci sentiamo, anche se non spessissimo, visto che la mia attivit\u00e0 con la Scuola Calcio mi lascia pochissimo tempo libero.<\/p>\n\n\n\n<p><br>19) <em>Quando insegna calcio ai bambini della sua Scuola, cosa gli dice per spiegargli il delicato ruolo del portiere?<\/em><br>La prima cosa che gli dico \u00e8 che sono dei pazzi ad aver scelto quel ruolo! Perch\u00e9 nella loro carriera si sentiranno dire spesso che una partita \u00e8 stata persa per colpa loro ma mai che sar\u00e0 stata vinta per loro merito. Questo \u00e8 il destino di tutti i portieri di calcio!<\/p>\n\n\n\n<p><br>20) <em>Se lei oggi avesse, per magia, la possibilit\u00e0 di cambiare a suo piacimento il calcio italiano, cosa farebbe per prima cosa?<\/em><br>Le cose da fare e da cambiare sarebbero obiettivamente tantissime, per\u00f2 una delle prime cose che farei \u00e8 quella di mettere l\u2019obbligo per le societ\u00e0 di tutte le categorie di far salire in prima squadra almeno tre giovani giocatori del loro settore giovanile. Solo valorizzando i settori giovanili si potr\u00e0 dare nuovo lustro al calcio italiano.<\/p>\n\n\n\n<p><br>21) <em>Qual \u00e8 oggi il legame di Stefano Ambrosi con la citt\u00e0 di Terni e con i suoi tifosi?\u00a0<\/em><br>E\u2019 un legame \u201csanguigno\u201d! C\u2019era e ci sar\u00e0 sempre, perch\u00e9 Terni \u00e8 una citt\u00e0 che ti rimane nel cuore ed ogni volta che c\u2019\u00e8 la possibilit\u00e0 di ritornare per me \u00e8 un piacere grandissimo e lo faccio sempre con molta gioia.<\/p>\n\n\n\n<figure class=\"wp-block-table is-style-stripes\"><table class=\"has-vivid-red-background-color has-text-color has-background\" style=\"color:#1f470b\"><thead><tr><th class=\"has-text-align-center\" data-align=\"center\">Stagione<\/th><th class=\"has-text-align-center\" data-align=\"center\">Competizione<\/th><th class=\"has-text-align-center\" data-align=\"center\">Presenze<\/th><th class=\"has-text-align-center\" data-align=\"center\">Goal Subiti<\/th><th class=\"has-text-align-center\" data-align=\"center\">Competizione<\/th><th class=\"has-text-align-center\" data-align=\"center\">Presenze<\/th><th class=\"has-text-align-center\" data-align=\"center\">Goal<\/th><\/tr><\/thead><tbody><tr><td class=\"has-text-align-center\" data-align=\"center\">2011-\u201912<\/td><td class=\"has-text-align-center\" data-align=\"center\">Serie C1<\/td><td class=\"has-text-align-center\" data-align=\"center\">32<\/td><td class=\"has-text-align-center\" data-align=\"center\">19<\/td><td class=\"has-text-align-center\" data-align=\"center\">Coppa Italia\/Supercoppa<\/td><td class=\"has-text-align-center\" data-align=\"center\">5<\/td><td class=\"has-text-align-center\" data-align=\"center\">4<\/td><\/tr><tr><td class=\"has-text-align-center\" data-align=\"center\">2012-\u201913<\/td><td class=\"has-text-align-center\" data-align=\"center\">Serie B<\/td><td class=\"has-text-align-center\" data-align=\"center\">14<\/td><td class=\"has-text-align-center\" data-align=\"center\">140<\/td><td class=\"has-text-align-center\" data-align=\"center\">Coppa Italia<\/td><td class=\"has-text-align-center\" data-align=\"center\">1<\/td><td class=\"has-text-align-center\" data-align=\"center\">1<\/td><\/tr><\/tbody><\/table><figcaption>La carriera di Ambrosi in rossoverde<\/figcaption><\/figure>\n\n\n\n<figure class=\"wp-block-table is-style-stripes\"><table><thead><tr><th class=\"has-text-align-center\" data-align=\"center\">Stagione<\/th><th class=\"has-text-align-center\" data-align=\"center\">Squadra<\/th><th class=\"has-text-align-center\" data-align=\"center\">Serie<\/th><\/tr><\/thead><tbody><tr><td class=\"has-text-align-center\" data-align=\"center\">199?-\u201893<\/td><td class=\"has-text-align-center\" data-align=\"center\">Alatri<\/td><td class=\"has-text-align-center\" data-align=\"center\">Giovanili<\/td><\/tr><tr><td class=\"has-text-align-center\" data-align=\"center\">1993-\u201895<\/td><td class=\"has-text-align-center\" data-align=\"center\">Ceccano<\/td><td class=\"has-text-align-center\" data-align=\"center\">Serie D &#8211; Eccellenza<\/td><\/tr><tr><td class=\"has-text-align-center\" data-align=\"center\">1995-\u201896<\/td><td class=\"has-text-align-center\" data-align=\"center\">Isola Liri<\/td><td class=\"has-text-align-center\" data-align=\"center\">Serie D<\/td><\/tr><tr><td class=\"has-text-align-center\" data-align=\"center\">1996-\u201897<\/td><td class=\"has-text-align-center\" data-align=\"center\">Frosinone<\/td><td class=\"has-text-align-center\" data-align=\"center\">Serie C2<\/td><\/tr><tr><td class=\"has-text-align-center\" data-align=\"center\">1997-\u201800<\/td><td class=\"has-text-align-center\" data-align=\"center\">Tricase<\/td><td class=\"has-text-align-center\" data-align=\"center\">Serie C2<\/td><\/tr><tr><td class=\"has-text-align-center\" data-align=\"center\">2000-\u201801<\/td><td class=\"has-text-align-center\" data-align=\"center\">Atletico Catania<\/td><td class=\"has-text-align-center\" data-align=\"center\">Serie C1<\/td><\/tr><tr><td class=\"has-text-align-center\" data-align=\"center\">2001-\u201802<\/td><td class=\"has-text-align-center\" data-align=\"center\">Campobasso<\/td><td class=\"has-text-align-center\" data-align=\"center\">Serie C2<\/td><\/tr><tr><td class=\"has-text-align-center\" data-align=\"center\">2002-\u201803<\/td><td class=\"has-text-align-center\" data-align=\"center\">Cavese<\/td><td class=\"has-text-align-center\" data-align=\"center\">Serie D<\/td><\/tr><tr><td class=\"has-text-align-center\" data-align=\"center\">2003-\u201804<\/td><td class=\"has-text-align-center\" data-align=\"center\">Milazzo<\/td><td class=\"has-text-align-center\" data-align=\"center\">Serie D<\/td><\/tr><tr><td class=\"has-text-align-center\" data-align=\"center\">2004-\u201806<\/td><td class=\"has-text-align-center\" data-align=\"center\">Rende<\/td><td class=\"has-text-align-center\" data-align=\"center\">Serie C2<\/td><\/tr><tr><td class=\"has-text-align-center\" data-align=\"center\">2006-\u201807<\/td><td class=\"has-text-align-center\" data-align=\"center\">Igea Virtus<\/td><td class=\"has-text-align-center\" data-align=\"center\">Serie C2<\/td><\/tr><tr><td class=\"has-text-align-center\" data-align=\"center\">2007<\/td><td class=\"has-text-align-center\" data-align=\"center\">Martina Franca<\/td><td class=\"has-text-align-center\" data-align=\"center\">Serie C1<\/td><\/tr><tr><td class=\"has-text-align-center\" data-align=\"center\">2007-\u201809<\/td><td class=\"has-text-align-center\" data-align=\"center\">Cosenza<\/td><td class=\"has-text-align-center\" data-align=\"center\">Serie C2 &#8211; D<\/td><\/tr><tr><td class=\"has-text-align-center\" data-align=\"center\">2009-\u201810<\/td><td class=\"has-text-align-center\" data-align=\"center\">Cisco Roma<\/td><td class=\"has-text-align-center\" data-align=\"center\">Serie C2<\/td><\/tr><tr><td class=\"has-text-align-center\" data-align=\"center\">2010-\u201811<\/td><td class=\"has-text-align-center\" data-align=\"center\">Atletico Roma<\/td><td class=\"has-text-align-center\" data-align=\"center\">Serie C1<\/td><\/tr><tr><td class=\"has-text-align-center\" data-align=\"center\">2011-\u201813<\/td><td class=\"has-text-align-center\" data-align=\"center\">Ternana<\/td><td class=\"has-text-align-center\" data-align=\"center\">Serie B &#8211; C1<\/td><\/tr><\/tbody><\/table><figcaption>La carriera di Stefano Ambrosi<\/figcaption><\/figure>\n\n\n\n<p>Visitate il sito&nbsp;<a href=\"http:\/\/www.memorierossoverdi.it\/\" target=\"_blank\" rel=\"noopener\">www.memorierossoverdi.it<\/a>: filmati d\u2019epoca, foto, articoli, poesie, collezioni di figurine, biglietti, gadgets, ecc. sulla Ternana.<\/p>\n\n\n\n<p><strong><em>di Marco Barcarotti<\/em><\/strong><\/p>\n\n\n\n<div style=\"text-align:center\" class=\"wp-block-algori-social-share-buttons-block-algori-social-share-buttons\"><button class=\"bttn-minimal bttn-md bttn-primary algori-social-share-buttons-settings algori-social-share-buttons-facebook\" onclick=\"window.open('https:\/\/www.facebook.com\/sharer.php?u=https:\/\/dajemo.com\/?p=3175', '_blank')\"><i class=\"fab fa-facebook-f\"><\/i>\u00a0 \u00a0Facebook<\/button><button class=\"bttn-minimal bttn-md bttn-primary algori-social-share-buttons-settings algori-social-share-buttons-twitter\" onclick=\"window.open('https:\/\/twitter.com\/intent\/tweet?url=https:\/\/dajemo.com\/?p=3175', '_blank')\"><i class=\"fab fa-twitter\"><\/i>\u00a0 \u00a0Twitter<\/button><button class=\"bttn-minimal bttn-md bttn-primary algori-social-share-buttons-settings algori-social-share-buttons-whatsapp\" onclick=\"window.open('https:\/\/web.whatsapp.com\/send?text=https:\/\/dajemo.com\/?p=3175', '_blank')\"><i class=\"fab fa-whatsapp\"><\/i>\u00a0 \u00a0WhatsApp<\/button><button class=\"bttn-minimal bttn-md bttn-primary algori-social-share-buttons-settings algori-social-share-buttons-telegram\" onclick=\"window.open('https:\/\/t.me\/share\/url?url=https:\/\/dajemo.com\/?p=3175', '_blank')\"><i class=\"fab fa-telegram\"><\/i>\u00a0 \u00a0Telegram<\/button><\/div>\n","protected":false},"excerpt":{"rendered":"<p>Se c\u2019\u00e8 una squadra degli ultimi venti anni che ha veramente appassionato la tifoseria rossoverde, senza dubbio \u00e8 quella della promozione in serie B con Mister Toscano. Era quella la Ternana che emozionava e&#46;&#46;&#46;<\/p>\n","protected":false},"author":1,"featured_media":3174,"comment_status":"open","ping_status":"open","sticky":false,"template":"","format":"standard","meta":{"_eb_attr":"","pgc_sgb_lightbox_settings":"","footnotes":""},"categories":[10],"tags":[],"class_list":["post-3175","post","type-post","status-publish","format-standard","has-post-thumbnail","hentry","category-interviste"],"_links":{"self":[{"href":"https:\/\/dajemo.com\/index.php?rest_route=\/wp\/v2\/posts\/3175","targetHints":{"allow":["GET"]}}],"collection":[{"href":"https:\/\/dajemo.com\/index.php?rest_route=\/wp\/v2\/posts"}],"about":[{"href":"https:\/\/dajemo.com\/index.php?rest_route=\/wp\/v2\/types\/post"}],"author":[{"embeddable":true,"href":"https:\/\/dajemo.com\/index.php?rest_route=\/wp\/v2\/users\/1"}],"replies":[{"embeddable":true,"href":"https:\/\/dajemo.com\/index.php?rest_route=%2Fwp%2Fv2%2Fcomments&post=3175"}],"version-history":[{"count":1,"href":"https:\/\/dajemo.com\/index.php?rest_route=\/wp\/v2\/posts\/3175\/revisions"}],"predecessor-version":[{"id":3176,"href":"https:\/\/dajemo.com\/index.php?rest_route=\/wp\/v2\/posts\/3175\/revisions\/3176"}],"wp:featuredmedia":[{"embeddable":true,"href":"https:\/\/dajemo.com\/index.php?rest_route=\/wp\/v2\/media\/3174"}],"wp:attachment":[{"href":"https:\/\/dajemo.com\/index.php?rest_route=%2Fwp%2Fv2%2Fmedia&parent=3175"}],"wp:term":[{"taxonomy":"category","embeddable":true,"href":"https:\/\/dajemo.com\/index.php?rest_route=%2Fwp%2Fv2%2Fcategories&post=3175"},{"taxonomy":"post_tag","embeddable":true,"href":"https:\/\/dajemo.com\/index.php?rest_route=%2Fwp%2Fv2%2Ftags&post=3175"}],"curies":[{"name":"wp","href":"https:\/\/api.w.org\/{rel}","templated":true}]}}