{"id":3462,"date":"2022-05-23T15:19:31","date_gmt":"2022-05-23T15:19:31","guid":{"rendered":"https:\/\/dajemo.com\/?p=3462"},"modified":"2022-05-23T15:19:35","modified_gmt":"2022-05-23T15:19:35","slug":"interamna-history-29","status":"publish","type":"post","link":"https:\/\/dajemo.com\/?p=3462","title":{"rendered":"Interamna History &#8211; 29"},"content":{"rendered":"\n<p><strong>Dai piccoli Balilla alla Pista<\/strong><\/p>\n\n\n\n<div class=\"wp-block-image\"><figure class=\"alignleft size-full\"><img loading=\"lazy\" decoding=\"async\" width=\"300\" height=\"300\" src=\"https:\/\/dajemo.com\/wp-content\/uploads\/2022\/05\/Terni_stadio_Viale_Brin_1925.jpeg\" alt=\"\" class=\"wp-image-3460\" title=\"\" srcset=\"https:\/\/dajemo.com\/wp-content\/uploads\/2022\/05\/Terni_stadio_Viale_Brin_1925.jpeg 300w, https:\/\/dajemo.com\/wp-content\/uploads\/2022\/05\/Terni_stadio_Viale_Brin_1925-150x150.jpeg 150w, https:\/\/dajemo.com\/wp-content\/uploads\/2022\/05\/Terni_stadio_Viale_Brin_1925-80x80.jpeg 80w, https:\/\/dajemo.com\/wp-content\/uploads\/2022\/05\/Terni_stadio_Viale_Brin_1925-100x100.jpeg 100w\" sizes=\"auto, (max-width: 300px) 100vw, 300px\" \/><\/figure><\/div>\n\n\n\n<p class=\"has-text-align-justify\">Il significativo cambiamento socio-economico-urbanistico che caratterizz\u00f2 Terni nei primi decessi del secolo scorso, modific\u00f2 senza ombra di dubbio anche le abitudini ed i costumi degli stessi ternani. Il Fascismo stesso influ\u00ec molto sulla loro routine. Dopo la Marcia su Roma (ottobre del \u201922), Mussolini si pose infatti il problema di come fascistizzare gli italiani, a partire dai pi\u00f9 giovani, e trov\u00f2 la soluzione dando incarico a\u00a0<strong><em>Renato Ricci<\/em><\/strong>, ex ardito, di guidare l\u2019<strong><em>Avanguardia Giovanile Fascista<\/em><\/strong>.\u00a0<em>Riorganizzare la giovent\u00f9 dal punto di vista morale e fisico<\/em>\u00a0era l\u2019obiettivo. Nell\u2019aprile del 1926\u00a0 nacque cosi l\u2019ONB, l\u2019<strong><em>Opera Nazionale Balilla<\/em><\/strong>, un ente complementare a quella che era l\u2019istituzione scolastica del tempo e che prevedeva l\u2019inquadramento di ragazzi dai 6 ai 18 anni; a loro volta i giovani erano suddivisi in\u00a0<strong><em>Figli della lupa<\/em><\/strong>, in\u00a0<strong><em>Balilla<\/em><\/strong>\u00a0ed in\u00a0<strong><em>Avanguardisti<\/em><\/strong>, il tutto in base all\u2019et\u00e0. C\u2019\u00e8 da dire che parallelamente alla nascita dell\u2019ONB si assistette allo scioglimento di altre associazioni da parte del regime; l\u2019ONB poi, non si occupava soltanto di ragazzi ma gestiva anche corsi professionali, corsi post-scolastici per adulti cosi come organizzava corsi di puericultura ed economia domestica. La sua evoluzione, insieme a quella dei\u00a0<strong><em>Fasci Giovanili di Combattimento<\/em><\/strong>, la port\u00f2 a confluire nella\u00a0<strong><em>GIL, la Giovent\u00f9 del Littorio<\/em><\/strong>. Alla luce di ci\u00f2, Terni non rappresent\u00f2 una eccezione; nel gennaio del 1927, sotto la presidenza di\u00a0<strong><em>Elia Rossi Passavanti<\/em><\/strong>\u00a0gi\u00e0 Segretario federale, anche nella nostra citt\u00e0 venne costituita l\u2019Opera Nazionale Balilla che poteva contare anche su una\u00a0<em>Biblioteca Balilla<\/em>, un\u00a0<em>Cinematografo Balilla<\/em>\u00a0ed un\u00a0<em>Teatrino Balilla<\/em>. Intorno agli anni \u201930, il tesseramento a Terni dei giovani fascisti aveva raggiunto gi\u00e0 un numero cospicuo contandone oltre 18.000 e dopo alterne vicende, crebbe ancora; nel frattempo la presidenza era passata dalle mani del conte\u00a0<strong><em>Cesare Pressio Colonnesea<\/em><\/strong>\u00a0quelle di\u00a0<strong><em>Adolfo Bosco<\/em><\/strong>\u00a0che si concentr\u00f2 soprattutto su una forte azione sanitaria capace di offrire i proprie servizi tramite il Gabinetto di profilassi della Casa del Balilla. Li, i giovani potevano sottoporsi principalmente non soltanto ad esami radiografici e visite mediche, il tutto in maniera completamente gratuita, ma potevano anche contare sulla fornitura di apparecchi ortopedici cosi come su prescrizioni specialistiche anch\u2019esse gratuite. E\u2019 indubbio che tutto riusc\u00ec anche ad aumentare consenso ed al contempo a tacitare le perplessit\u00e0 ed i dissensi verso il regime. Nella provincia poi, non si tralasciano neppure gli aspetti legati all\u2019organizzazione di campeggi, gare sportive, conferenze e corsi professionali. Le difficolt\u00e0 semmai sono legate alla mancanza di spazi visto che, a Terni si poteva contare soltanto sui locali disponibili nell\u2019unica Casa del Balilla esistente. Come abbiamo gi\u00e0 detto, l\u2019ONB confluir\u00e0 poi nella GIL; al loro fianco per\u00f2, da sempre esisteva un\u2019altra associazione, la ONMI, l\u2019<strong><em>Opera per la maternit\u00e0 e l\u2019infanzia<\/em><\/strong>, che si prefiggeva come scopo quello di ridurre la mortalit\u00e0 infantile e la crescita dei giovani italiani in base a regole razionali e scientifiche. La\u00a0<strong><em>benemerita associazione<\/em><\/strong>, cos\u00ec veniva intesa, nella nostra provincia viene istituita nel 1927 ed inizia subito a dotarsi di asili nido ed asili infantili. Nei refettori materni trovano ricovero ogni giorno le gestanti e si dispensano alimenti per i bambini pi\u00f9 gracili e quelli sofferenti, o predisposti alla tubercolosi, vengono inviati negli istituti di profilassi pi\u00f9 importanti e strutturati presenti in altre citt\u00e0. Una particolare attenzione veniva anche dedicata ai figli illegittimi ai quali veniva assicurato il riconoscimento da parte delle madri cosi come a quelli abbandonati, veniva data la opportunit\u00e0 di godere di una educazione. L\u2019Onmi ternana era presieduta dall\u2019avvocato\u00a0<strong><em>Riccardo Flores<\/em><\/strong>\u00a0e non \u00e8 esagerato dire che seppe raggiungere un buon grado di efficienza. Erano anni in cui l\u2019attenzione verso la cultura fisica, cos\u00ec come la curiosit\u00e0 verso nuovi sport e nuove mode, si faceva sentire e questo gener\u00f2 un movimento molto vivo. Sul modello inglese, Terni iniziava a farsi conoscere come la\u00a0<strong><em>Manchester italiana<\/em><\/strong>. Il binomio fabbrica-stadio prendeva forma e si concretizz\u00f2 con la realizzazione della\u00a0<strong><em>Pista<\/em><\/strong>, lo stadio di Viale Brin, un impianto dotato di campo da calcio, un ovale in cemento che lo circondava e che prevedeva delle curve paraboliche che lo rendevano un velodromo all\u2019aperto e di una pista a quattro corsie realizzata in carbonella, adatta alle gare di atletica. Quella struttura divenne ben presto il cuore pulsante dello sport ternano. Progettato dall\u2019ingegner\u00a0<strong><em>Ceccarelli<\/em><\/strong>, era espressione del classico stadio inglese. Se da un lato il suo fascino era dato anche dalla presenza di una bella tribuna coperta da una struttura in ferro battuto, c\u2019\u00e8 da dire che di contro aveva \u00a0la possibilit\u00e0 di ospitare soltanto poche migliaia di tifosi il che rese ben presto necessario il suo ampliamento; questi lavori durarono in pratica per tutti gli anni del suo utilizzo e comunque sino all\u2019inaugurazione del nuovo stadio comunale Liberati nell\u2019agosto del \u201969. A proposito di\u00a0<strong><em>Libbero<\/em><\/strong>, anche i suoi primi passi, o meglio dire le prime peripezie in moto, avvennero all\u2019interno della\u00a0<em>Pista\u00a0<\/em>in occasione di alcune gare di micromotori, gli\u00a0<strong><em>schizzetti<\/em><\/strong>\u00a0come era uso chiamarli, che si disputarono al suo interno. Anche\u00a0<strong><em>Mario Umberto Baconin<\/em><\/strong>\u00a0<strong><em>Borzacchini<\/em><\/strong>\u00a0vi corse in occasione di un evento che lo vide \u00a0impegnato alla guida della sua auto confrontarsi contro una moto; lui su\u00a0<strong><em>Salmon GP<\/em><\/strong>, quattro cilindri in linea di 1086 cc con una potenza di 15 HP\u00a0 a 6.000 giri, tre marce ed una velocit\u00e0 massima di circa 150 kmh,\u00a0<strong><em>Umberto Faraglia\u00a0<\/em><\/strong>su\u00a0<strong><em>Indian 1100<\/em><\/strong>\u00a0per una gara su 10 chilometri che termin\u00f2 praticamente alla pari. Sempre parlando di motori, leggenda vuole che tal\u00a0<strong><em>Zughero<\/em><\/strong>, al secolo\u00a0<strong><em>Ferdinando Natali<\/em><\/strong>, festeggiando la vittoria al termine di una gara, e togliendo le mani dal manubrio nell\u2019atto di festeggiare,\u00a0 vol\u00f2 fuori della\u00a0<em>Pista<\/em>\u00a0per atterrare comodamente su un\u2019auto parcheggiata al di la del muro \u2026 Nella Terni di inizio Novecento, al di l\u00e0 del\u00a0<strong><em>RACI, Real Automobil Club Italiano<\/em><\/strong>, sulla scia della passione per i motori alimentata dalla gesta di Borzacchini, viene fondato l\u2019<strong><em>Auto Moto Club Terni\u00a0<\/em><\/strong>che gi\u00e0 nel 1922 si attiva per organizzare alcune gare come il\u00a0<strong><em>3\u00b0<\/em><\/strong>\u00a0<strong><em>Circuito dell\u2019Appennino Umbro Marchigiano<\/em><\/strong>\u00a0e il\u00a0<strong><em>2\u00b0 Circuito dell\u2019Appennino Centrale<\/em><\/strong>. Corse lunghissime con percorsi di oltre seicento chilometri destinate non solo alle auto ma anche alle moto. Competizioni, queste ultime, nelle quali il ternano\u00a0<strong><em>Rigoletto Belli<\/em><\/strong>\u00a0si impose in sella ad una\u00a0<strong><em>Triumph 500cc<\/em><\/strong>\u00a0su strade spesso sconnesse, imbrecciate e per di pi\u00f9 aperte al traffico. A proposito di RACI, chi di noi non ha, almeno una volta, detto:\u00a0<em>Annamoce a magn\u00e0 un cornetto gi\u00e0 lu RACI<\/em>!\u201d Gi\u00e0, anche perch\u00e9 poi negli anni, e per tanti anni, il bar annesso \u00e8 stato l\u2019unico a fornire i suoi servizi h24. Nel 1925 viene fondato il\u00a0<strong><em>Moto Club Terni<\/em><\/strong>\u00a0presso la sala di lettura del\u00a0<strong><em>Circolo cittadino l\u2019Unione<\/em><\/strong>; il sodalizio che si appresta tra pochi anni, esattamente come la Ternana, a festeggiare il secolo di vita, vede aggiungere alla sua iniziale titolazione il nome di\u00a0<strong><em>Libero Liberati<\/em><\/strong>\u00a0nel 1962 dopo la tragica scomparsa del\u00a0<strong><em>Ternano volante<\/em><\/strong>, cosi come quella di\u00a0<strong><em>Paolo Pileri<\/em><\/strong>\u00a0successivamente alla sua morte avvenuta nel febbraio del 2007. In quella occasione venne chiamato alla presidenza\u00a0<strong><em>Amedeo Lo Moro<\/em><\/strong>. Nello stesso anno, era il 14 giugno, viene organizzata la prima crono-scalata\u00a0<strong><em>Terni\u2013Passo della Somma<\/em><\/strong>\u00a0e ad aggiudicarsela \u00e8 il maceratese\u00a0<strong><em>Primo Moretti<\/em><\/strong>\u00a0in sella ad una Moto Guzzi ufficiale.<\/p>\n\n\n\n<p><strong><em>di Roberto Pagnanini<\/em><\/strong><\/p>\n\n\n\n<div style=\"text-align:center\" class=\"wp-block-algori-social-share-buttons-block-algori-social-share-buttons\"><button class=\"bttn-pill bttn-md bttn-primary algori-social-share-buttons-settings algori-social-share-buttons-facebook\" onclick=\"window.open('https:\/\/www.facebook.com\/sharer.php?u=https:\/\/dajemo.com\/?p=3462', '_blank')\"><i class=\"fab fa-facebook-f\"><\/i>\u00a0 \u00a0Facebook<\/button><button class=\"bttn-pill bttn-md bttn-primary algori-social-share-buttons-settings algori-social-share-buttons-twitter\" onclick=\"window.open('https:\/\/twitter.com\/intent\/tweet?url=https:\/\/dajemo.com\/?p=3462', '_blank')\"><i class=\"fab fa-twitter\"><\/i>\u00a0 \u00a0Twitter<\/button><button class=\"bttn-pill bttn-md bttn-primary algori-social-share-buttons-settings algori-social-share-buttons-whatsapp\" onclick=\"window.open('https:\/\/web.whatsapp.com\/send?text=https:\/\/dajemo.com\/?p=3462', '_blank')\"><i class=\"fab fa-whatsapp\"><\/i>\u00a0 \u00a0WhatsApp<\/button><button class=\"bttn-pill bttn-md bttn-primary algori-social-share-buttons-settings algori-social-share-buttons-telegram\" onclick=\"window.open('https:\/\/t.me\/share\/url?url=https:\/\/dajemo.com\/?p=3462', '_blank')\"><i class=\"fab fa-telegram\"><\/i>\u00a0 \u00a0Telegram<\/button><\/div>\n","protected":false},"excerpt":{"rendered":"<p>Dai piccoli Balilla alla Pista Il significativo cambiamento socio-economico-urbanistico che caratterizz\u00f2 Terni nei primi decessi del secolo scorso, modific\u00f2 senza ombra di dubbio anche le abitudini ed i costumi degli stessi ternani. Il Fascismo&#46;&#46;&#46;<\/p>\n","protected":false},"author":1,"featured_media":3460,"comment_status":"open","ping_status":"open","sticky":false,"template":"","format":"standard","meta":{"_eb_attr":"","pgc_sgb_lightbox_settings":"","footnotes":""},"categories":[6],"tags":[],"class_list":["post-3462","post","type-post","status-publish","format-standard","has-post-thumbnail","hentry","category-interamna-history"],"_links":{"self":[{"href":"https:\/\/dajemo.com\/index.php?rest_route=\/wp\/v2\/posts\/3462","targetHints":{"allow":["GET"]}}],"collection":[{"href":"https:\/\/dajemo.com\/index.php?rest_route=\/wp\/v2\/posts"}],"about":[{"href":"https:\/\/dajemo.com\/index.php?rest_route=\/wp\/v2\/types\/post"}],"author":[{"embeddable":true,"href":"https:\/\/dajemo.com\/index.php?rest_route=\/wp\/v2\/users\/1"}],"replies":[{"embeddable":true,"href":"https:\/\/dajemo.com\/index.php?rest_route=%2Fwp%2Fv2%2Fcomments&post=3462"}],"version-history":[{"count":1,"href":"https:\/\/dajemo.com\/index.php?rest_route=\/wp\/v2\/posts\/3462\/revisions"}],"predecessor-version":[{"id":3463,"href":"https:\/\/dajemo.com\/index.php?rest_route=\/wp\/v2\/posts\/3462\/revisions\/3463"}],"wp:featuredmedia":[{"embeddable":true,"href":"https:\/\/dajemo.com\/index.php?rest_route=\/wp\/v2\/media\/3460"}],"wp:attachment":[{"href":"https:\/\/dajemo.com\/index.php?rest_route=%2Fwp%2Fv2%2Fmedia&parent=3462"}],"wp:term":[{"taxonomy":"category","embeddable":true,"href":"https:\/\/dajemo.com\/index.php?rest_route=%2Fwp%2Fv2%2Fcategories&post=3462"},{"taxonomy":"post_tag","embeddable":true,"href":"https:\/\/dajemo.com\/index.php?rest_route=%2Fwp%2Fv2%2Ftags&post=3462"}],"curies":[{"name":"wp","href":"https:\/\/api.w.org\/{rel}","templated":true}]}}