{"id":3473,"date":"2022-05-24T14:36:35","date_gmt":"2022-05-24T14:36:35","guid":{"rendered":"https:\/\/dajemo.com\/?p=3473"},"modified":"2022-07-01T14:40:36","modified_gmt":"2022-07-01T14:40:36","slug":"incontri-con-gli-ex-romeo-papini","status":"publish","type":"post","link":"https:\/\/dajemo.com\/?p=3473","title":{"rendered":"Incontri con gli EX: ROMEO PAPINI"},"content":{"rendered":"\n<div class=\"wp-block-image\"><figure class=\"alignleft size-full\"><img loading=\"lazy\" decoding=\"async\" width=\"300\" height=\"300\" src=\"https:\/\/dajemo.com\/wp-content\/uploads\/2022\/05\/2005-06.-Rivista-Solo-Calcio-004.jpg\" alt=\"\" class=\"wp-image-3472\" title=\"\" srcset=\"https:\/\/dajemo.com\/wp-content\/uploads\/2022\/05\/2005-06.-Rivista-Solo-Calcio-004.jpg 300w, https:\/\/dajemo.com\/wp-content\/uploads\/2022\/05\/2005-06.-Rivista-Solo-Calcio-004-150x150.jpg 150w, https:\/\/dajemo.com\/wp-content\/uploads\/2022\/05\/2005-06.-Rivista-Solo-Calcio-004-80x80.jpg 80w, https:\/\/dajemo.com\/wp-content\/uploads\/2022\/05\/2005-06.-Rivista-Solo-Calcio-004-100x100.jpg 100w\" sizes=\"auto, (max-width: 300px) 100vw, 300px\" \/><\/figure><\/div>\n\n\n\n<p class=\"has-text-align-justify\">Il millennio in cui viviamo si era aperto per i tifosi rossoverdi con uno dei periodi probabilmente pi\u00f9 fulgidi degli ultimi quaranta anni, per via di una gestione societaria all\u2019insegna della programmazione seria e dell\u2019ambizione. Infatti solo tre anni prima al vertice societario era arrivato l\u2019Ing. Agarini che aveva portato solidit\u00e0 economica e volont\u00e0 di fare bene, con l\u2019obiettivo dichiarato di riportare, dopo tanti anni, la Ternana in serie A. Purtroppo poi le cose non andarono in quella direzione e a causa di problemi intercorsi nel tempo, subentr\u00f2 la gestione della famiglia Longarini, che sarebbe durata dodici lunghi anni, con pochi alti e moltissimi bassi, con la conseguenza di allontanare la maggior parte della tifoseria rossoverde dalle sorti della squadra. E\u2019 proprio a cavallo di queste due realt\u00e0 che arriva a vestire la maglia della Ternana un giovane calciatore che ha lasciato un ottimo ricordo nella memoria dei tifosi per il suo modo di stare in campo, caratterizzato da piedi buoni e dai suoi \u201cquattro polmoni\u201d. Il suo nome \u00e8 Romeo Papini.<br>Papini nasce a Roma il 21-03-1983 e cresce nelle giovanili della societ\u00e0 romana del Tor di Quinto, nel ruolo di centrocampista. Arriva in rossoverde quindi giovanissimo, nell\u2019estate del 1999, con la prospettiva di andare a far parte del settore giovanile, che in quegli anni stava avendo uno sviluppo determinante, e di arrivare successivamente in prima squadra. Fu proprio al suo terzo anno in rossoverde che fece l\u2019esordio in prima squadra, con Mister Tobia, ma quella rimase la sua unica apparizione in campo con le Fere. Dopo due stagioni con la maglia rossoverde della prima squadra, Papini viene mandato in prestito, a \u201cfarsi le ossa\u201d in serie C, a Legnano prima e a Pavia poi, quindi far\u00e0 ritorno alla Ternana, nella stagione probabilmente pi\u00f9 disgraziata, quella della retrocessione in serie C1. Poi ancora un trasferimento in prestito, questa volta al Pescara in serie B, e successivamente di nuovo un ritorno in maglia rossoverde, a combattere sui campi della serie C. Rimarr\u00e0 per due stagioni per poi lasciare per sempre la maglia delle \u201cFere\u201d e proseguire una lunga carriera tra serie B e C, che lo porter\u00e0 a vestire maglie prestigiose, come quelle di Grosseto, Spezia, Lecce e Pistoiese.<br>Oggi Papini \u00e8 ancora in attivit\u00e0 e in questa stagione veste la maglia dello Spoleto in Eccellenza Regionale.<br><\/p>\n\n\n\n<p class=\"has-text-align-justify\"><em>1) Chi era il bambino Romeo?\u00a0<br><\/em>Ero un bambino tranquillo, con una famiglia nella quale c\u2019era una grande passione per il calcio e che mi \u00e8 stata quindi trasmessa.<br><\/p>\n\n\n\n<p class=\"has-text-align-justify\"><em>2) Come e dove ha iniziato a dare calci ad un pallone?\u00a0<br><\/em>Ho iniziato nella strada con gli amici: a quei tempi sicuramente la migliore scuola possibile. \u00a0Poi ho iniziato a giocare nella squadra del mio paese, Rignano Flaminio, e quindi sono andato nella societ\u00e0 dilettantistica del Tor di Quinto, prima di arrivare a vestire la maglia rossoverde.<br><\/p>\n\n\n\n<p class=\"has-text-align-justify\"><em>3) Arriva alla Ternana nell\u2019estate del 1999, acquistato appunto dalla formazione dilettantistica del Tor di Quinto. Chi \u00e8 stato l\u2019artefice di questo suo trasferimento?\u00a0<br><\/em>Sono arrivato a Terni grazie ad Omero Andreani, dopo un provino che avevo fatto e dove evidentemente mi ero fatto notare.<br><\/p>\n\n\n\n<p class=\"has-text-align-justify\"><em>4) Ricorda il suo esordio in rossoverde, e di conseguenza in serie B (Reggina-Ternana 2-0, il 23-12-2001), con Mister Tobia in panchina, quando subentr\u00f2 nei minuti finali della partita a D\u2019Aversa?\u00a0<br><\/em>L\u2019esordio lo ricordo come fosse ora! E come potrei dimenticare quelle 20 mila persone sugli spalti dello stadio \u201cGranillo\u201d che incitavano la propria squadra? Un\u2019atmosfera incredibile per un ragazzo di appena 18 anni.<br><\/p>\n\n\n\n<p class=\"has-text-align-justify\"><em>5) L\u2019anno successivo, con Mister Beretta, lei far\u00e0 parte della rosa della squadra ma non riuscir\u00e0 mai a scendere in campo. Quanta delusione per il giovane Papini?<br><\/em>Ricordo bene la mia delusione nell\u2019ultima partita di campionato (Ternana-Vicenza 1-1, il 07-06-2003) quando Mister Beretta, pur essendo la Ternana ormai tranquilla in classifica, non mi fece giocare.\u00a0Il mister si stava giocando il rinnovo del contratto e probabilmente non se la sent\u00ec di mettere in campo un giovane con poca esperienza come il sottoscritto.<br><\/p>\n\n\n\n<p class=\"has-text-align-justify\"><em>6) Poi verr\u00e0 mandato in prestito prima al Legnano, in C2, poi al Pavia, in C1. Ci fu delusione per questa scelta della Societ\u00e0, oppure pens\u00f2 che sarebbe stata comunque un\u2019occasione per \u201cfarsi le ossa\u201d in categorie inferiori?<\/em><br>Fui molto contento di andare a fare esperienza, perch\u00e9 effettivamente era quello che mi serviva in quel momento.\u00a0Soprattutto la stagione di Pavia fu meravigliosa, e mi serv\u00ec veramente ai fini dell\u2019esperienza, anche se purtroppo perdemmo la finale playoff per la serie B a Mantova.<br><\/p>\n\n\n\n<p class=\"has-text-align-justify\"><em>7) Nell\u2019estate del 2005 fa ritorno in casacca rossoverde per essere finalmente titolare quasi costantemente. Purtroppo per\u00f2 al termine del campionato arriver\u00e0 la retrocessione in serie C1. Che stagione fu quella per Papini?\u00a0<\/em><br>Fu una stagione veramente difficile per la squadra e la delusione per la retrocessione fu grandissima, sia per noi calciatori che per tutto l\u2019ambiente rossoverde. Personalmente per\u00f2, devo dire che giocai una discreta stagione e, anche in questo caso, mi serv\u00ec molto come esperienza di crescita personale.<br><\/p>\n\n\n\n<p class=\"has-text-align-justify\"><em>8) In quel campionato lei realizza il suo primo goal in maglia rossoverde (Ternana-Bologna 1-1, il 23-04-2006). Ricorda le emozioni provate in quel frangente?<br><\/em>Il gol al Bologna di Pagliuca fu per me una grandissima soddisfazione. Peccato solo che la partita fin\u00ec in pareggio e quindi il goal non serv\u00ec per portare a casa i tre punti, come avremmo voluto.<br><\/p>\n\n\n\n<p class=\"has-text-align-justify\"><em>9) Nella stagione successiva lei rimarr\u00e0 in serie B trasferendosi con la formula del prestito al Pescara. Una sua scelta o della Societ\u00e0?\u00a0<br><\/em>Lo decidemmo insieme alla Societ\u00e0, visto che avevo avuto qualche richiesta in cadetteria.<br><\/p>\n\n\n\n<p class=\"has-text-align-justify\"><em>10) Al termine di quel campionato ancora un ritorno in rossoverde. Nel frattempo la Ternana era scesa, come abbiamo visto, in serie C1. Un ritorno il suo, voluto o \u201csubito\u201d?<br><\/em>Decisi di tornare a Terni, anche se avevo una richiesta molto pressante del Padova. Mi volevano a tutti i costi ma io decisi di tornare a vestire la casacca rossoverde.<br><\/p>\n\n\n\n<p class=\"has-text-align-justify\"><em>11) Tecnico di quella Ternana era Mister Giorgini. Che tipo di allenatore era per il calciatore Papini?\u00a0<br><\/em>Giorgini era un allenatore molto alla mano, con il quale era facile andarci d\u2019accordo. Di lui ricordo il suo simpatico dialetto abruzzese, che a volte gli permetteva di sdrammatizzare i momenti difficili.<br>Credo che avesse anche delle buone idee di gioco.\u00a0<br><\/p>\n\n\n\n<p class=\"has-text-align-justify\"><em>12) In quella stagione lei realizza anche il suo secondo goal in maglia rossoverde (Ternana-Paganese 2-1, il 30-03-2008). Anche in questo caso, che ricordi ha di quella giornata?<br><\/em>Aldil\u00e0 della soddisfazione personale, quel gol con la Paganese fu importantissimo in quel momento della stagione per la squadra, dato che ci permise di guardare con maggiore ottimismo al futuro di quella stagione. Con il senno di poi, proprio quei tre punti ci consentirono di uscire dalla zona pericolosa dei play-out.<br><\/p>\n\n\n\n<p class=\"has-text-align-justify\"><em>13) Campionato 2008-09, si inizia con Mister Giorgini, sostituito all\u2019undicesima giornata da Mister Baldassarri. Lei titolare praticamente inamovibile ma con una Ternana che si salva solo nelle ultime giornate, per un solo punto di differenza. Insomma, un campionato ancora una volta sofferto. Che ne pensa?\u00a0<br><\/em>Quella stagione fu particolarmente difficile anche se la squadra, secondo me, era ottima. Purtroppo il clima intorno alla Societ\u00e0 era ai minimi termini ed ogni minimo problema influiva sulla serenit\u00e0 della squadra.\u00a0Riuscimmo alla fine a salvare la faccia ma secondo me potevamo fare molto meglio quell\u2019anno.<br><\/p>\n\n\n\n<p class=\"has-text-align-justify\"><em>14) Dopo quella sofferta stagione lei lascia definitivamente la Ternana per tornare in serie B, questa volta con il Grosseto. Immagino che ci fu soddisfazione da parte sua.\u00a0<br><\/em>In quel momento, tornare in serie B era quello che pi\u00f9 desideravo. Venivo da due anni di C in cui, a livello personale, avevo dato molto e quindi fu un opportunit\u00e0 che sinceramente decisi di prendere al volo.<br><\/p>\n\n\n\n<p class=\"has-text-align-justify\"><em>15) Con la maglia rossoverde lei ha giocato i derby con Perugia (Ternana-Perugia 0-1, il 19-10-2008) e Foligno (Ternana-Foligno 2-1, il 16-03-2008; Ternana-Foligno 0-0, il 29-09-2008, Foligno-Ternana 1-0, il 15-02-2009). Ricorda l\u2019aria che si respirava nell\u2019ambiente del tifo rossoverde per queste attesissime partite?<br><\/em>C\u2019era sempre una tensione molto particolare quando c\u2019erano i derby, visto che i tifosi ternani sono molto appassionati e li sentivano tantissimo. La squadra sapeva questo e noi calciatori cercavamo sempre di preparare tutto nei minimi dettagli. Io poi, essendo cresciuto nel settore giovanile, li sentivo veramente molto.<br><\/p>\n\n\n\n<p class=\"has-text-align-justify\"><em>16) Nella sua militanza con la Ternana lei ha avuto due presidenti, o meglio due \u201cpatron\u201d: Agarini prima e Longarini poi. Quali le differenze tra le due gestioni?\u00a0<br><\/em>Devo affermare che entrambe le famiglie hanno investito molto nella gestione societaria della Ternana, e in nessuno dei due casi ci hanno fatto mai mancare niente. Personalmente non posso lamentarmi assolutamente di nulla.\u00a0Per quanto riguarda poi gli aspetti organizzativi della Societ\u00e0, posso dire tranquillamente, avendo giocato anche in molte altre squadre, che la Ternana \u00e8 da sempre una vera e propria isola felice.<br><\/p>\n\n\n\n<p class=\"has-text-align-justify\"><em>17) Quale \u00e8 il ricordo pi\u00f9 bello della sua esperienza in casacca rossoverde? Ed il pi\u00f9 brutto?<br><\/em>Il ricordo pi\u00f9 bello \u00e8 senza ombra di dubbio l\u2019esordio in serie B e in prima squadra con questa maglia. Invece di ricordi brutti onestamente non ne ho perch\u00e9, a prescindere dai risultati del campo, il fatto di giocare nella prima squadra di una citt\u00e0 dopo aver fatto tanto settore giovanile l\u2019ho sempre considerato come un qualcosa di speciale.<br><\/p>\n\n\n\n<p class=\"has-text-align-justify\"><em>18) Con chi instaur\u00f2, tra i suoi ex-compagni, le amicizie pi\u00f9 importanti nei suoi anni a Terni?<br><\/em>In quegli anni ho conosciuto tanti ragazzi ai quali sono rimasto legato e che ancora sento e vedo, per\u00f2 se devo fare due nomi, senza ombra di dubbio, faccio quelli di Alessandro Frara e Antonio Cardona, con i quali ho ancora un rapporto quasi giornaliero.<br><\/p>\n\n\n\n<p class=\"has-text-align-justify\"><em>19) Ligabue nella sua canzone \u201cUna vita da mediano\u201d descrive quel ruolo con queste parole: \u201ca recuperar palloni, a coprire certe zone, a giocare generosi, da chi segna sempre poco, che il pallone devi darlo a chi finalizza il gioco, ecc.\u201d. Essendo lei un giocatore di qualit\u00e0 e soprattutto quantit\u00e0, che in mezzo al campo non si risparmiava di certo, ci si riconosce in queste parole?\u00a0<br><\/em>Si, \u00e8 una canzone che ha raffigurato un p\u00f2 il mio modo di giocare, perch\u00e9 il mediano comunemente non \u00e8 un giocatore molto appariscente in campo. Per\u00f2 io sono sempre stato dell\u2019opinione che nella vita, come anche nel calcio, conta soprattutto la sostanza.\u00a0Per quanto riguarda poi i miei goal, alla fin fine, in carriera non ne ho fatti molti, ma quei pochi che ho fatto non sono stati mai banali, quindi mi tengo questo dato statistico come una grande soddisfazione personale.<br><\/p>\n\n\n\n<p class=\"has-text-align-justify\"><em>20) Nei suoi anni con la maglia delle Fere, quale \u00e8 stato l\u2019avversario pi\u00f9 \u201crognoso\u201d che ha avuto, quello che le ha creato veramente dei grattacapi in campo? E perch\u00e9?<br><\/em>Ricordo con piacere le sfide contro Fabio Gatti nei derby col Perugia al tempo della primavera. Le ricordo soprattutto perch\u00e9 abbiamo quasi sempre vinto noi, per\u00f2 era sempre difficile giocare contro di lui.<br><\/p>\n\n\n\n<p class=\"has-text-align-justify\"><em>21) Quali erano i suoi passatempi una volta uscito dal campo?<br><\/em>I miei passatempi erano, e sono tuttora, la mia famiglia e gli amici. Anche perch\u00e9 a Terni ho moltissimi amici.<\/p>\n\n\n\n<p><em>22) Che rapporto ha oggi Papini con Terni e con la tifoseria rossoverde?\u00a0<br><\/em>Terni \u00e8 una citt\u00e0 a misura d\u2019uomo, dove si vive molto bene, e mi piace frequentare il centro, cosa che faccio abitualmente. Per quanto riguarda la Ternana sono sempre rimasto un tifoso delle Fere e quando posso cerco di vedere le partite in internet, o comunque vado a vedere subito il risultato.\u00a0Spero con tutto il cuore che la Ternana possa risalire subito nella categoria che pi\u00f9 appartiene alla citt\u00e0 ed ai suoi tifosi.<\/p>\n\n\n\n<figure class=\"wp-block-table is-style-stripes\"><table class=\"has-vivid-red-color has-text-color has-background\" style=\"background-color:#0f710d\"><thead><tr><th class=\"has-text-align-center\" data-align=\"center\">Stagione<\/th><th class=\"has-text-align-center\" data-align=\"center\">Competizione<\/th><th class=\"has-text-align-center\" data-align=\"center\">Presenze<\/th><th class=\"has-text-align-center\" data-align=\"center\">Goal<\/th><th class=\"has-text-align-center\" data-align=\"center\">Competizione<\/th><th class=\"has-text-align-center\" data-align=\"center\">Presenze<\/th><th class=\"has-text-align-center\" data-align=\"center\">Goal<\/th><\/tr><\/thead><tbody><tr><td class=\"has-text-align-center\" data-align=\"center\">1999-\u201900 <\/td><td class=\"has-text-align-center\" data-align=\"center\">Allievi Regionali<\/td><td class=\"has-text-align-center\" data-align=\"center\">n.d.<\/td><td class=\"has-text-align-center\" data-align=\"center\">n.d.<\/td><td class=\"has-text-align-center\" data-align=\"center\">n.d.<\/td><td class=\"has-text-align-center\" data-align=\"center\">n.d.<\/td><td class=\"has-text-align-center\" data-align=\"center\">n.d.<\/td><\/tr><tr><td class=\"has-text-align-center\" data-align=\"center\">2000-\u201901<\/td><td class=\"has-text-align-center\" data-align=\"center\">Allievi Nazionali<\/td><td class=\"has-text-align-center\" data-align=\"center\">n.d.<\/td><td class=\"has-text-align-center\" data-align=\"center\">n.d.<\/td><td class=\"has-text-align-center\" data-align=\"center\">n.d.<\/td><td class=\"has-text-align-center\" data-align=\"center\">n.d.<\/td><td class=\"has-text-align-center\" data-align=\"center\">n.d.<\/td><\/tr><tr><td class=\"has-text-align-center\" data-align=\"center\">2001-\u201902<\/td><td class=\"has-text-align-center\" data-align=\"center\">Serie B<\/td><td class=\"has-text-align-center\" data-align=\"center\">1<\/td><td class=\"has-text-align-center\" data-align=\"center\">0<\/td><td class=\"has-text-align-center\" data-align=\"center\">Coppa Italia<\/td><td class=\"has-text-align-center\" data-align=\"center\">0<\/td><td class=\"has-text-align-center\" data-align=\"center\">0.<\/td><\/tr><tr><td class=\"has-text-align-center\" data-align=\"center\">2002-\u201903<\/td><td class=\"has-text-align-center\" data-align=\"center\">Serie B<\/td><td class=\"has-text-align-center\" data-align=\"center\">0<\/td><td class=\"has-text-align-center\" data-align=\"center\">0<\/td><td class=\"has-text-align-center\" data-align=\"center\">Coppa Italia<\/td><td class=\"has-text-align-center\" data-align=\"center\">0<\/td><td class=\"has-text-align-center\" data-align=\"center\">0<\/td><\/tr><tr><td class=\"has-text-align-center\" data-align=\"center\">2005-\u201906<\/td><td class=\"has-text-align-center\" data-align=\"center\">Serie B<\/td><td class=\"has-text-align-center\" data-align=\"center\">28<\/td><td class=\"has-text-align-center\" data-align=\"center\">1<\/td><td class=\"has-text-align-center\" data-align=\"center\">Coppa Italia<\/td><td class=\"has-text-align-center\" data-align=\"center\">2<\/td><td class=\"has-text-align-center\" data-align=\"center\">0<\/td><\/tr><tr><td class=\"has-text-align-center\" data-align=\"center\">2007-\u201908<\/td><td class=\"has-text-align-center\" data-align=\"center\">Serie C1<\/td><td class=\"has-text-align-center\" data-align=\"center\">25<\/td><td class=\"has-text-align-center\" data-align=\"center\">1<\/td><td class=\"has-text-align-center\" data-align=\"center\">Coppa Italia<\/td><td class=\"has-text-align-center\" data-align=\"center\">2<\/td><td class=\"has-text-align-center\" data-align=\"center\">0<\/td><\/tr><tr><td class=\"has-text-align-center\" data-align=\"center\">2008-\u201909<\/td><td class=\"has-text-align-center\" data-align=\"center\">Serie C1<\/td><td class=\"has-text-align-center\" data-align=\"center\">30<\/td><td class=\"has-text-align-center\" data-align=\"center\">0<\/td><td class=\"has-text-align-center\" data-align=\"center\">Coppa Italia<\/td><td class=\"has-text-align-center\" data-align=\"center\">2<\/td><td class=\"has-text-align-center\" data-align=\"center\">0<\/td><\/tr><\/tbody><\/table><figcaption>La carriera di Papini in rossoverde<\/figcaption><\/figure>\n\n\n\n<figure class=\"wp-block-table is-style-stripes\"><table><thead><tr><th class=\"has-text-align-center\" data-align=\"center\">Stagione<\/th><th class=\"has-text-align-center\" data-align=\"center\">Squadra<\/th><th class=\"has-text-align-center\" data-align=\"center\">Serie<\/th><\/tr><\/thead><tbody><tr><td class=\"has-text-align-center\" data-align=\"center\">199?-\u201899<\/td><td class=\"has-text-align-center\" data-align=\"center\">Tor di Quinto<\/td><td class=\"has-text-align-center\" data-align=\"center\">Prima Categoria<\/td><\/tr><tr><td class=\"has-text-align-center\" data-align=\"center\">1999-\u201801<\/td><td class=\"has-text-align-center\" data-align=\"center\">Ternana<\/td><td class=\"has-text-align-center\" data-align=\"center\">Giovanili<\/td><\/tr><tr><td class=\"has-text-align-center\" data-align=\"center\">2001-\u201803<\/td><td class=\"has-text-align-center\" data-align=\"center\">Ternana<\/td><td class=\"has-text-align-center\" data-align=\"center\">Serie B<\/td><\/tr><tr><td class=\"has-text-align-center\" data-align=\"center\">2003-\u201804<\/td><td class=\"has-text-align-center\" data-align=\"center\">Legnano<\/td><td class=\"has-text-align-center\" data-align=\"center\">Serie C2<\/td><\/tr><tr><td class=\"has-text-align-center\" data-align=\"center\">2004-\u201805<\/td><td class=\"has-text-align-center\" data-align=\"center\">Pavia<\/td><td class=\"has-text-align-center\" data-align=\"center\">Serie C1<\/td><\/tr><tr><td class=\"has-text-align-center\" data-align=\"center\">2005-\u201806<\/td><td class=\"has-text-align-center\" data-align=\"center\">Ternana<\/td><td class=\"has-text-align-center\" data-align=\"center\">Serie B<\/td><\/tr><tr><td class=\"has-text-align-center\" data-align=\"center\">2006-\u201807<\/td><td class=\"has-text-align-center\" data-align=\"center\">Pescara<\/td><td class=\"has-text-align-center\" data-align=\"center\">Serie B<\/td><\/tr><tr><td class=\"has-text-align-center\" data-align=\"center\">2007-\u201809<\/td><td class=\"has-text-align-center\" data-align=\"center\">Ternana<\/td><td class=\"has-text-align-center\" data-align=\"center\">Serie C1<\/td><\/tr><tr><td class=\"has-text-align-center\" data-align=\"center\">2009-\u201811<\/td><td class=\"has-text-align-center\" data-align=\"center\">Grosseto<\/td><td class=\"has-text-align-center\" data-align=\"center\">Serie B<\/td><\/tr><tr><td class=\"has-text-align-center\" data-align=\"center\">2011-\u201812<\/td><td class=\"has-text-align-center\" data-align=\"center\">Spezia<\/td><td class=\"has-text-align-center\" data-align=\"center\">Serie C1<\/td><\/tr><tr><td class=\"has-text-align-center\" data-align=\"center\">2012-\u201813<\/td><td class=\"has-text-align-center\" data-align=\"center\">Carpi<\/td><td class=\"has-text-align-center\" data-align=\"center\">Serie C1<\/td><\/tr><tr><td class=\"has-text-align-center\" data-align=\"center\">2013-\u201816<\/td><td class=\"has-text-align-center\" data-align=\"center\">Lecce<\/td><td class=\"has-text-align-center\" data-align=\"center\">Serie C1<\/td><\/tr><tr><td class=\"has-text-align-center\" data-align=\"center\">2016-\u201817<\/td><td class=\"has-text-align-center\" data-align=\"center\">Matera<\/td><td class=\"has-text-align-center\" data-align=\"center\">Serie C1<\/td><\/tr><tr><td class=\"has-text-align-center\" data-align=\"center\">2017-\u201818<\/td><td class=\"has-text-align-center\" data-align=\"center\">Pistoiese<\/td><td class=\"has-text-align-center\" data-align=\"center\">Serie C1<\/td><\/tr><tr><td class=\"has-text-align-center\" data-align=\"center\">2018-\u201819<\/td><td class=\"has-text-align-center\" data-align=\"center\">Spoleto<\/td><td class=\"has-text-align-center\" data-align=\"center\">Eccellenza<\/td><\/tr><\/tbody><\/table><figcaption>La carriera di Romeo Papini<\/figcaption><\/figure>\n\n\n\n<p>Visitate il sito&nbsp;<a href=\"http:\/\/www.memorierossoverdi.it\/\" target=\"_blank\" rel=\"noopener\">www.memorierossoverdi.it<\/a>: filmati d\u2019epoca, foto, articoli, poesie, collezioni di figurine, biglietti, gadgets, ecc. sulla Ternana.<\/p>\n\n\n\n<p><strong><em>di Marco Barcarotti<\/em><\/strong><\/p>\n\n\n\n<div style=\"text-align:center\" class=\"wp-block-algori-social-share-buttons-block-algori-social-share-buttons\"><button class=\"bttn-minimal bttn-md bttn-primary algori-social-share-buttons-settings algori-social-share-buttons-facebook\" onclick=\"window.open('https:\/\/www.facebook.com\/sharer.php?u=https:\/\/dajemo.com\/?p=3473', '_blank')\"><i class=\"fab fa-facebook-f\"><\/i>\u00a0 \u00a0Facebook<\/button><button class=\"bttn-minimal bttn-md bttn-primary algori-social-share-buttons-settings algori-social-share-buttons-twitter\" onclick=\"window.open('https:\/\/twitter.com\/intent\/tweet?url=https:\/\/dajemo.com\/?p=3473', '_blank')\"><i class=\"fab fa-twitter\"><\/i>\u00a0 \u00a0Twitter<\/button><button class=\"bttn-minimal bttn-md bttn-primary algori-social-share-buttons-settings algori-social-share-buttons-whatsapp\" onclick=\"window.open('https:\/\/web.whatsapp.com\/send?text=https:\/\/dajemo.com\/?p=3473', '_blank')\"><i class=\"fab fa-whatsapp\"><\/i>\u00a0 \u00a0WhatsApp<\/button><button class=\"bttn-minimal bttn-md bttn-primary algori-social-share-buttons-settings algori-social-share-buttons-telegram\" onclick=\"window.open('https:\/\/t.me\/share\/url?url=https:\/\/dajemo.com\/?p=3473', '_blank')\"><i class=\"fab fa-telegram\"><\/i>\u00a0 \u00a0Telegram<\/button><\/div>\n","protected":false},"excerpt":{"rendered":"<p>Il millennio in cui viviamo si era aperto per i tifosi rossoverdi con uno dei periodi probabilmente pi\u00f9 fulgidi degli ultimi quaranta anni, per via di una gestione societaria all\u2019insegna della programmazione seria e&#46;&#46;&#46;<\/p>\n","protected":false},"author":1,"featured_media":3472,"comment_status":"open","ping_status":"open","sticky":false,"template":"","format":"standard","meta":{"_eb_attr":"","pgc_sgb_lightbox_settings":"","footnotes":""},"categories":[10],"tags":[],"class_list":["post-3473","post","type-post","status-publish","format-standard","has-post-thumbnail","hentry","category-interviste"],"_links":{"self":[{"href":"https:\/\/dajemo.com\/index.php?rest_route=\/wp\/v2\/posts\/3473","targetHints":{"allow":["GET"]}}],"collection":[{"href":"https:\/\/dajemo.com\/index.php?rest_route=\/wp\/v2\/posts"}],"about":[{"href":"https:\/\/dajemo.com\/index.php?rest_route=\/wp\/v2\/types\/post"}],"author":[{"embeddable":true,"href":"https:\/\/dajemo.com\/index.php?rest_route=\/wp\/v2\/users\/1"}],"replies":[{"embeddable":true,"href":"https:\/\/dajemo.com\/index.php?rest_route=%2Fwp%2Fv2%2Fcomments&post=3473"}],"version-history":[{"count":1,"href":"https:\/\/dajemo.com\/index.php?rest_route=\/wp\/v2\/posts\/3473\/revisions"}],"predecessor-version":[{"id":3474,"href":"https:\/\/dajemo.com\/index.php?rest_route=\/wp\/v2\/posts\/3473\/revisions\/3474"}],"wp:featuredmedia":[{"embeddable":true,"href":"https:\/\/dajemo.com\/index.php?rest_route=\/wp\/v2\/media\/3472"}],"wp:attachment":[{"href":"https:\/\/dajemo.com\/index.php?rest_route=%2Fwp%2Fv2%2Fmedia&parent=3473"}],"wp:term":[{"taxonomy":"category","embeddable":true,"href":"https:\/\/dajemo.com\/index.php?rest_route=%2Fwp%2Fv2%2Fcategories&post=3473"},{"taxonomy":"post_tag","embeddable":true,"href":"https:\/\/dajemo.com\/index.php?rest_route=%2Fwp%2Fv2%2Ftags&post=3473"}],"curies":[{"name":"wp","href":"https:\/\/api.w.org\/{rel}","templated":true}]}}