{"id":3486,"date":"2022-05-24T16:22:09","date_gmt":"2022-05-24T16:22:09","guid":{"rendered":"https:\/\/dajemo.com\/?p=3486"},"modified":"2022-05-24T16:32:41","modified_gmt":"2022-05-24T16:32:41","slug":"intervista-a-francesco-tiberi-delegato-provinciale-coni","status":"publish","type":"post","link":"https:\/\/dajemo.com\/?p=3486","title":{"rendered":"Intervista al Delegato Provinciale CONI: FRANCESCO TIBERI"},"content":{"rendered":"\n<div class=\"wp-block-image\"><figure class=\"alignleft size-full\"><img loading=\"lazy\" decoding=\"async\" width=\"300\" height=\"300\" src=\"https:\/\/dajemo.com\/wp-content\/uploads\/2022\/05\/16631.jpeg\" alt=\"\" class=\"wp-image-3487\" title=\"\" srcset=\"https:\/\/dajemo.com\/wp-content\/uploads\/2022\/05\/16631.jpeg 300w, https:\/\/dajemo.com\/wp-content\/uploads\/2022\/05\/16631-150x150.jpeg 150w, https:\/\/dajemo.com\/wp-content\/uploads\/2022\/05\/16631-80x80.jpeg 80w, https:\/\/dajemo.com\/wp-content\/uploads\/2022\/05\/16631-100x100.jpeg 100w\" sizes=\"auto, (max-width: 300px) 100vw, 300px\" \/><\/figure><\/div>\n\n\n\n<p class=\"has-text-align-justify\"><strong>Francesco Tiberi<\/strong>, ternano, imprenditore e dallo scorso mese di maggio Delegato Provinciale per Terni del Comitato Olimpico Nazionale si presenta puntualissimo presso il nuovo CONI Point. Lui che \u00e8 stato fortemente voluto dal presidente regionale Domenico Ignozza per ricoprire quell\u2019incarico di coordinamento ed interlocuzione con tutte le realt\u00e0 sportive locali, non \u00e8 una persona prestata allo sport ma \u00e8 un uomo di sport. Atleta prima e dirigente poi, \u00e8 cresciuto nel mondo della scherma e da schermitore ha conquistato la medaglia d\u2019oro nel&nbsp;Fioretto Grand Veterans&nbsp;a squadre ai&nbsp;Campionati Europei&nbsp;contro la Gran Bretagna, con lo sguardo rivolto ai mondiali che si svolgeranno in Egitto il prossimo Ottobre. In casa Tiberi lo sport \u00e8 sempre stato un life motive costante con pap\u00e0 Gianfranco presidente della Ternana e consigliere nazionale della lega calcio ed il fratello Alberto attuale presidente del Circolo della Scherma di Terni. Questo nuovo corso di&nbsp;<strong>Daje m\u00f2<\/strong>&nbsp;non poteva quindi che iniziare con una intervista a chi dello sport ternano ha il termometro in mano e che, meglio di chiunque altro, pu\u00f2 valutarne salute e prospettive.&nbsp;<\/p>\n\n\n\n<p class=\"has-text-align-justify\"><em>Terni \u00e8 una citt\u00e0 con una grande vocazione sportiva sia per ci\u00f2 che concerne la pratica che l\u2019organizzazione stessa di eventi legati allo sport<\/em><strong> Esordisce Frencesco Tiberi<\/strong><em>, ed \u00e8 la seconda in Italia per numero di manifestazioni sportive programmate. C\u2019\u00e8 fermento, voglia di lavorare e svolgere attivit\u00e0 sportiva. In questi pochi mesi ho avuto modo di valutare lo sport ternano a 360\u00b0 e rendermi anche conto delle infinite problematiche esistenti, problematiche legate a fattori differenti &nbsp;che ogni specialit\u00e0 presenta. In generale posso dire che lo stato attuale di salute \u00e8 buono e che possiamo contare su tante persone, istruttori ed atleti con una gran voglia di fare e di lavorare.<\/em><\/p>\n\n\n\n<div class=\"wp-block-group\"><div class=\"wp-block-group__inner-container is-layout-flow wp-block-group-is-layout-flow\">\n<p class=\"has-text-align-justify\"><em>Per\u00f2 il quadro dipinto dal Sole 24 Ore relativamente all\u2019Indice di Sportivit\u00e0 delle citt\u00e0 italiane&nbsp; non \u00e8 cosi roseo<\/em><br>Non contesto questa ricerca anche se i risultati che ne scaturiscono mi lasciano un po\u2019 perplesso. E\u2019 vero che siamo al 54\u00b0 posto nella graduatoria nazionale ma \u00e8 anche vero che abbiamo tenuto nonostante l\u2019attivit\u00e0 sportiva vada di pari passo con altri aspetti legati al territorio. La crisi attuale per esempio, con la quale si deve confrontare anche la nostra amministrazione comunale, &nbsp;non aiuta. L\u201989\u00b0 posizione per ci\u00f2 che concerne lo sport e i bambini e la 92\u00b0 che prende in considerazione la formazione non dipingono un quadro idilliaco; il fatto di contare per\u00f2 su tante persone disposte a lavorare e fare mi rende ottimista.<\/p>\n\n\n\n<p class=\"has-text-align-justify\"><em>La pratica sportiva si lega alla salute ed al benestare fisico; iniziarla in et\u00e0 scolare \u00e8 quindi fondamentale. A Terni siamo in linea con questa priorit\u00e0? Quale \u00e8 il rapporto tra CONI e scuola e quali progetti sono previsti?<\/em><br>Lo sport deve essere inteso prima di tutto come attivit\u00e0 fisica che accompagni di pari passo la crescita&nbsp; e la vita di ogni individuo. E\u2019 salute, \u00e8 socializzazione, \u00e8 condivisione e questi sono valori che vanno inculcati sin dalla tenera et\u00e0.<strong>&nbsp;In cattedra con i campioni&nbsp;<\/strong>&nbsp;per esempio, \u00e8 un progetto pensato dal CONI che si rivolge ai bambini delle elementari tramite il quale atleti di differenti discipline hanno portato la loro esperienza nelle scuole. Questo per\u00f2 non basta perch\u00e9 poi quando tornano nelle loro aule, i ragazzi praticano lo sport soltanto per un paio d\u2019ore alla settimana. Troppo poche. Molti di loro quando decidono di approcciare lo sport in maniera pi\u00f9 seria non hanno neppure la capacit\u00e0 di compiere gesti atletici banali come una capriola. Il CONI fa senza dubbio la sua parte a livello periferico dove cerca di proporre lo sport da un punto di vista ludico.<\/p>\n\n\n\n<p class=\"has-text-align-justify\"><em>La qualit\u00e0 della pratica sportiva \u00e8 proporzionale a strutture adeguate ed all\u2019altezza: qual \u00e8 lo stato attuale di quelle presenti nella nostra provincia? Sono previsti degli investimenti?<\/em><br>Siamo in linea con gli altri e noi non stiamo peggio degli altri. E\u2019 innegabile che ci sono situazioni complesse che hanno bisogno di trovare soluzioni adeguate. Un esempio? Non pi\u00f9 tardi di un mese fa \u00e8 emersa una problematica legata alla certificazione della prevenzione incendi degli impianti che rischiavano cosi la chiusura. Con un lavoro concertato tra CONI, comune e provincia&nbsp; siamo riusciti a trovare una soluzione tale che oggi permette agli impianti di risultare fruibili. Il problema grande per\u00f2 \u00e8 un altro e cio\u00e8 che buona parte delle attivit\u00e0 sportive si svolgono nelle palestre scolastiche che sono poche&nbsp; in relazione agli atleti ed alle specialit\u00e0 e per di pi\u00f9, hanno bisogno di manutenzioni profonde. Comunque sono ottimista per il futuro; nei giorni scorsi ho avuto notizie dalla provincia che sembra aver reperito dei fondi tramite i quali buona parte degli gli impianti esistenti saranno rimessi a norma entro il 2020 e questo permetter\u00e0 di tenerli aperti ed utilizzabili.<\/p>\n\n\n\n<p class=\"has-text-align-justify\"><em>Lei \u00e8 stato fortemente voluto dal presidente del CONI regionale Ignozza per guidare la delegazione provinciale di Terni: qual \u00e8 il rapporto di interlocuzione con i vertici sportivi regionali?<\/em><br>Ancora oggi mi chiedo perch\u00e9 il presidente abbia voluto me per questo incarico; \u00e8 stato davvero inaspettato e, se devo essere sincero, sono stata l\u2019ultima persona ad esserne infornata. Conosco Ignozza da tanti anni e voglio sperare che mi abbia scelto per il mio essere un uomo di sport. Ci sentiamo con regolarit\u00e0, lo aggiorno e ci confrontiamo; questo \u00e8 fondamentale per un rapporto di fiducia e proficuo per il nostro territorio. Spesso noi ternani siamo propensi al piangerci addosso, ci lamentiamo e per di pi\u00f9 non siamo partecipativi mentre io credo che se vuoi cambiare le cose devi esserci, questa \u00e8 l\u2019unica maniera per riuscirci e vale a qualsiasi livello.<\/p>\n\n\n\n<p class=\"has-text-align-justify\"><em>Lo sport italiano \u00e8 strutturato in tante federazioni che a loro volta, sono la casa di associazioni. Le ASD rappresentano la spina dorsale dello sport nazionale ed ormai vanno gestite al pari di vere e proprie aziende. In una situazione come quella attuale dove reperire sponsorizzazioni e finanziamenti \u00e8 sempre pi\u00f9 difficile se non impossibile, quale \u00e8 il supporto che offre il CONI?<\/em><br>Questo \u00e8 secondo me \u00e8 il vero problema. Le ASD sono associazioni sportive dilettantistiche private che perseguono le loro finalit\u00e0 senza scopo di lucro e con la situazione attuale non sono e non possono essere autosufficienti. Istruttori, maestri, allenatori, affitti per gli impianti o convenzioni che prevedono a volte l\u2019utilizzo in cambio di manutenzioni, oltre alle spese correnti, rappresentano voci di costo importanti alle quali le stesse associazioni non sempre riescono a far fronte. Il CONI in maniera diretta non sovvenziona le ASD. &nbsp;In Francia, Germania o Inghilterra gli istruttori o il personale equiparato sono dipendenti dello stato e questa \u00e8 una formula che si potrebbe riprendere anche in Italia. Da noi tutto ricade sulle casse delle associazioni che sono chiamate ad autofinanziarsi. Non \u00e8 concepibile che chi utilizza o a volte realizza da privato impianti sportivi destinati alla pratica sportiva di base, debba essere gravato delle stesse imposte di chi fa delle attivit\u00e0 sportive una &nbsp;forma di lucro. Il CONI tramite le ASD ha una funzione pubblica e sociale importante perch\u00e9 aiuta, mi spingerei sino a dire sostituisce, lo Stato nella formazione sportiva.<\/p>\n\n\n\n<p class=\"has-text-align-justify\"><em>E di questa rivoluzione che ha preso di mira lo sport italiano che punta ad un ridimensionamento degli stessi poteri del CONI cosa ne pensa?<\/em><br>Il CONI negli anni passati era totalmente autonomo anzi, tramite il Totocalcio sosteneva tutto lo sport nazionale. Con questa nuova impostazione, la Sport &amp; Salute SpA si far\u00e0 carico anche della raccolta delle scommesse destinando una quota tra l\u201911% ed il 13%, a tutte le attivit\u00e0 sociali, sportive, culturali e simili, nonch\u00e9 a proposte di sviluppo per la loro diffusione. Mi sembra scontato che questo rappresenti un cambio epocale nonch\u00e9 una grande limitazione anche nella stessa autonomia del CONI. La mia speranza \u00e8 che non vada ad influire sulle attivit\u00e0 e sulla qualit\u00e0 delle stesse soprattutto a livello periferico e di base.<\/p>\n\n\n\n<p class=\"has-text-align-justify\"><em>A che punto \u00e8 il Calendario degli Eventi, un qualcosa su cui Lei ha puntato molto?<\/em><br>Ci stiamo lavorando perch\u00e9 \u00e8 assurdo pensare di avere nello stesso giorno due o pi\u00f9 manifestazioni, magari anche a livello nazionale o internazionale, organizzate su Terni. A settembre verranno pubblicati i calendari da parte delle varie federazioni e in base a questo vedremo come agire. Vi sembra possibile, cosi come si era ventilata l\u2019idea, che si pensi di organizzare a Terni nel 2021 quattro mondiali differenti, tutti nello stesso mese?<\/p>\n\n\n\n<p class=\"has-text-align-justify\"><em>Lo sport \u00e8 sempre pi\u00f9 utilizzato per la promozione &nbsp;e lo sviluppo del territorio: cosa pensa in proposito? Lei crede che il tanto citato \u201cturismo sportivo\u201d possa essere trainante per Terni?<\/em><br>Ne sono convinto e le faccio un esempio: io vengo dalla scherma e lo scorso anno abbiamo portato a Terni per una manifestazione di tre giorni, oltre 1300 atleti con una ricaduta sul territorio di quasi un milione e mezzo di euro. Il turismo sportivo fa muovere ogni settimana migliaia di persone che si spostano per partecipare a &nbsp;manifestazioni e gare. Terni sotto questo punto di vista \u00e8 una citt\u00e0 ricca perch\u00e9 pu\u00f2 vantare grandi societ\u00e0, grandi atleti e qualit\u00e0 organizzative eccellenti. Il problema \u00e8 un altro: la ricettivit\u00e0 alberghiera.<\/p>\n\n\n\n<p class=\"has-text-align-justify\"><em>Stadio, nuovo Palazzetto dello sport, Cittadella dello sport, progetti che oltre a riqualificare un\u2019area importante della citt\u00e0 rappresenterebbe anche un nuovo inizio per lo sport a Terni.<\/em><br>Ho visto il progetto ed \u00e8 indubbio che sia un bello ma il problema \u00e8 sempre il solito: come sar\u00e0 gestito? E\u2019 un investimento privato e la mia domanda \u00e8: quanto dovranno pagare le societ\u00e0 per poterne usufruire? Torniamo al discorso precedente e cio\u00e8 se esistano poi le risorse economiche da parte delle societ\u00e0 sportive per affrontare questi costi. Sono sempre pi\u00f9 convinto che nella gestione di questi impianti ci debba essere una quota parte pubblica come contropartita all\u2019utilizzo da parte delle associazioni. Il problema grande non \u00e8 costruire gli impianti ma gestirli e renderli disponibili per gli atleti. Se vogliamo salvaguardare lo sport dobbiamo trovare aiuti per le societ\u00e0 e formare i dirigenti. Lo sport non pu\u00f2 essere lasciato a se stesso perch\u00e9 rappresenta qualcosa di estremamente importante nella vita di ognuno di noi.<\/p>\n\n\n\n<p><strong><em>di Roberto Pagnanini<\/em><\/strong><\/p>\n<\/div><\/div>\n\n\n\n<div style=\"text-align:center\" class=\"wp-block-algori-social-share-buttons-block-algori-social-share-buttons\"><button class=\"bttn-minimal bttn-md bttn-primary algori-social-share-buttons-settings algori-social-share-buttons-facebook\" onclick=\"window.open('https:\/\/www.facebook.com\/sharer.php?u=https:\/\/dajemo.com\/?p=3486', '_blank')\"><i class=\"fab fa-facebook-f\"><\/i>\u00a0 \u00a0Facebook<\/button><button class=\"bttn-minimal bttn-md bttn-primary algori-social-share-buttons-settings algori-social-share-buttons-twitter\" onclick=\"window.open('https:\/\/twitter.com\/intent\/tweet?url=https:\/\/dajemo.com\/?p=3486', '_blank')\"><i class=\"fab fa-twitter\"><\/i>\u00a0 \u00a0Twitter<\/button><button class=\"bttn-minimal bttn-md bttn-primary algori-social-share-buttons-settings algori-social-share-buttons-whatsapp\" onclick=\"window.open('https:\/\/web.whatsapp.com\/send?text=https:\/\/dajemo.com\/?p=3486', '_blank')\"><i class=\"fab fa-whatsapp\"><\/i>\u00a0 \u00a0WhatsApp<\/button><button class=\"bttn-minimal bttn-md bttn-primary algori-social-share-buttons-settings algori-social-share-buttons-telegram\" onclick=\"window.open('https:\/\/t.me\/share\/url?url=https:\/\/dajemo.com\/?p=3486', '_blank')\"><i class=\"fab fa-telegram\"><\/i>\u00a0 \u00a0Telegram<\/button><\/div>\n","protected":false},"excerpt":{"rendered":"<p>Francesco Tiberi, ternano, imprenditore e dallo scorso mese di maggio Delegato Provinciale per Terni del Comitato Olimpico Nazionale si presenta puntualissimo presso il nuovo CONI Point. Lui che \u00e8 stato fortemente voluto dal presidente&#46;&#46;&#46;<\/p>\n","protected":false},"author":3,"featured_media":3487,"comment_status":"open","ping_status":"open","sticky":false,"template":"","format":"standard","meta":{"_eb_attr":"","pgc_sgb_lightbox_settings":"","footnotes":""},"categories":[10],"tags":[],"class_list":["post-3486","post","type-post","status-publish","format-standard","has-post-thumbnail","hentry","category-interviste"],"_links":{"self":[{"href":"https:\/\/dajemo.com\/index.php?rest_route=\/wp\/v2\/posts\/3486","targetHints":{"allow":["GET"]}}],"collection":[{"href":"https:\/\/dajemo.com\/index.php?rest_route=\/wp\/v2\/posts"}],"about":[{"href":"https:\/\/dajemo.com\/index.php?rest_route=\/wp\/v2\/types\/post"}],"author":[{"embeddable":true,"href":"https:\/\/dajemo.com\/index.php?rest_route=\/wp\/v2\/users\/3"}],"replies":[{"embeddable":true,"href":"https:\/\/dajemo.com\/index.php?rest_route=%2Fwp%2Fv2%2Fcomments&post=3486"}],"version-history":[{"count":2,"href":"https:\/\/dajemo.com\/index.php?rest_route=\/wp\/v2\/posts\/3486\/revisions"}],"predecessor-version":[{"id":3490,"href":"https:\/\/dajemo.com\/index.php?rest_route=\/wp\/v2\/posts\/3486\/revisions\/3490"}],"wp:featuredmedia":[{"embeddable":true,"href":"https:\/\/dajemo.com\/index.php?rest_route=\/wp\/v2\/media\/3487"}],"wp:attachment":[{"href":"https:\/\/dajemo.com\/index.php?rest_route=%2Fwp%2Fv2%2Fmedia&parent=3486"}],"wp:term":[{"taxonomy":"category","embeddable":true,"href":"https:\/\/dajemo.com\/index.php?rest_route=%2Fwp%2Fv2%2Fcategories&post=3486"},{"taxonomy":"post_tag","embeddable":true,"href":"https:\/\/dajemo.com\/index.php?rest_route=%2Fwp%2Fv2%2Ftags&post=3486"}],"curies":[{"name":"wp","href":"https:\/\/api.w.org\/{rel}","templated":true}]}}