{"id":3496,"date":"2022-05-25T14:39:37","date_gmt":"2022-05-25T14:39:37","guid":{"rendered":"https:\/\/dajemo.com\/?p=3496"},"modified":"2022-07-01T14:40:11","modified_gmt":"2022-07-01T14:40:11","slug":"incontri-con-gli-ex-claudio-montepagani","status":"publish","type":"post","link":"https:\/\/dajemo.com\/?p=3496","title":{"rendered":"Incontri con gli EX: CLAUDIO MONTEPAGANI"},"content":{"rendered":"<div class=\"wp-block-image\">\n<figure class=\"alignleft size-full\"><img loading=\"lazy\" decoding=\"async\" width=\"300\" height=\"300\" src=\"https:\/\/dajemo.com\/wp-content\/uploads\/2022\/05\/1968-69.-Figurine-MIRA.-Corelli-Montepagani-001.jpg\" alt=\"\" class=\"wp-image-3495\" title=\"\" srcset=\"https:\/\/dajemo.com\/wp-content\/uploads\/2022\/05\/1968-69.-Figurine-MIRA.-Corelli-Montepagani-001.jpg 300w, https:\/\/dajemo.com\/wp-content\/uploads\/2022\/05\/1968-69.-Figurine-MIRA.-Corelli-Montepagani-001-150x150.jpg 150w, https:\/\/dajemo.com\/wp-content\/uploads\/2022\/05\/1968-69.-Figurine-MIRA.-Corelli-Montepagani-001-80x80.jpg 80w, https:\/\/dajemo.com\/wp-content\/uploads\/2022\/05\/1968-69.-Figurine-MIRA.-Corelli-Montepagani-001-100x100.jpg 100w\" sizes=\"auto, (max-width: 300px) 100vw, 300px\" \/><\/figure>\n<\/div>\n\n\n<p class=\"has-text-align-justify\">Ci sono giocatori che militano in una qualunque societ\u00e0 calcistica, magari anche per pi\u00f9 di una stagione, e passano nel dimenticatoio subito dopo che hanno lasciato quella maglia. Poi ci sono altri che invece lo fanno anche solo per un anno eppure rimangono nel cuore di una tifoseria intera. Le ragioni di questo particolare fenomeno possono essere le pi\u00f9 svariate, come ad esempio il fatto che quella stagione risulta vittoriosa, oppure perch\u00e9 quel giocatore \u00e8 qualitativamente di spessore o di particolare generosit\u00e0, tutte qualit\u00e0 queste che fanno si che i tifosi ricordino poi con molto piacere, e magari anche con un pizzico di nostalgia, le imprese del giocatore in questione. L\u2019ex-rossoverde che siamo andati ad incontrare questa volta rientra sicuramente in questa seconda categoria: Claudio Montepagani.<br>Montepagani nasce a Sarzana (SP) il 10\/03\/1946 e cresce calcisticamente nella societ\u00e0 della Massese, dove esordisce tra i semi-professionisti, nel ruolo di difensore, quando ancora non aveva compiuto i venti anni per poi arrivare ai professionisti con il Foggia la stagione successiva. Arriver\u00e0 alla Ternana nell\u2019estate del 1968 quando la nostra squadra del cuore aveva appena vinto il campionato di serie C e si apprestava a disputare nuovamente la serie B dopo due decenni. Rimarr\u00e0 in rossoverde una sola stagione, il tempo di farsi ricordare da tutto l\u2019ambiente ternano per le sue qualit\u00e0, sicuramente non di poco conto se \u00e8 vero, come \u00e8 vero, che nella stagione successiva torner\u00e0 a vestire la maglia rossonera del Foggia con la quale riuscir\u00e0 a vincere il campionato di serie B ed approdare quindi alla agognata serie A. La sua carriera poi continuer\u00e0 in societ\u00e0 di serie C fino all\u2019et\u00e0 di trenta anni, quando appiccher\u00e0 le scarpette al classico chiodo. Oggi Montepagani risiede da molti anni nella nostra citt\u00e0 e non vive pi\u00f9 nel mondo del calcio attivo.<\/p>\n\n\n\n<p class=\"has-text-align-justify\"><br><em>1) Come ha cominciato a giocare a calcio da bambino?\u00a0<br><\/em>Avevo circa dieci anni quando ho cominciato a tirare i primi calci ad un pallone insieme ai miei amici coetanei del quartiere dove abitavo a Sarzana.<\/p>\n\n\n\n<p class=\"has-text-align-justify\"><br><em>2) In quel periodo della sua vita aveva un idolo del calcio di cui magari aveva anche il suo poster nella cameretta? <br><\/em>Il mio idolo di quegli anni era il mitico Omar Sivori, per\u00f2 il poster nella mia camera non ce l\u2019avevo perch\u00e9 all\u2019epoca non era cos\u00ec facile come oggi trovare quel tipo di oggetti.<\/p>\n\n\n\n<p class=\"has-text-align-justify\"><br><em>3) Lei prima di arrivare alla Ternana militava nel Foggia, anche essa compagine di serie B. Come andarono le cose per cui arriv\u00f2 a vestire la casacca rossoverde?\u00a0<br><\/em>All\u2019epoca un calciatore non aveva nessuna possibilit\u00e0 di scegliere con chi andare a giocare e quindi fui portato a conoscenza dalla dirigenza del Foggia del mio trasferimento alla Ternana solo a cose fatte, dopo che le due societ\u00e0 si erano accordate.<\/p>\n\n\n\n<p class=\"has-text-align-justify\"><br><em>4) Al suo primo arrivo in citt\u00e0 che impressione le fece?\u00a0<br><\/em>Ebbi subito un\u2019ottima impressione perch\u00e9 trovai una bella citt\u00e0, a misura d\u2019uomo e ben organizzata, con la gente molto accogliente e disponibile.<br><\/p>\n\n\n\n<p class=\"has-text-align-justify\"><em>5) La Ternana aveva appena vinto il campionato di serie C. Che ambiente trov\u00f2?\u00a0<br><\/em>Trovai una tifoseria molto partecipe ed attaccata alle sorti della squadra, dovuto anche al salto di qualit\u00e0 appena avvenuto con la promozione in serie B dopo oltre venti anni.<br><\/p>\n\n\n\n<p class=\"has-text-align-justify\"><em>6) Allenatore di quella Ternana era il mitico \u201cMaestro\u201d Viciani, con il quale la stagione precedente si vinse il campionato di serie C. Lo conosceva gi\u00e0? Che allenatore fu per lei?\u00a0<br><\/em>Non lo conoscevo personalmente ma ne avevo sentito parlare molto bene per le sue teorie innovative ed all\u2019avanguardia per quei tempi. Era molto aperto al dialogo ma molto serio e rigoroso per ci\u00f2 che riguardava l\u2019attivit\u00e0 calcistica, in tutti i suoi aspetti.<br><\/p>\n\n\n\n<p class=\"has-text-align-justify\"><em>7) Lei scese in campo anche in occasione del derby di Viale Brin (Ternana-Perugia 1-1, 24-11-1968) dove realizz\u00f2 anche la marcatura rossoverde. Quella partita, a distanza di pi\u00f9 di 50 anni, viene ancora ricordata con rabbia da tutti i tifosi delle Fere a causa della beffa finale. Ci vuole ricordare cosa successe?\u00a0<br><\/em>In effetti quella fu una partita molto particolare e sofferta. Sembrava ormai che la vittoria fosse in tasca quando all\u2019ultimo minuto Montenovo riusc\u00ec a pareggiare con un plateale intervento di mano, purtroppo non visto solo dall\u2019arbitro, che scaten\u00f2 l\u2019ira, oltre che di noi giocatori, soprattutto di tutti i tifosi rossoverdi presenti allo stadio!<br><\/p>\n\n\n\n<p class=\"has-text-align-justify\"><em>8) In quella stagione realizz\u00f2 cinque goal, ad eccezione di uno, tutti nei primissimi minuti di gioco. Una casualit\u00e0 o motivata da qualche sua caratteristica di gioco specifica?<br><\/em>No, nessun motivo specifico, solo casualit\u00e0. Tutti goal assolutamente spontanei.<br><\/p>\n\n\n\n<p class=\"has-text-align-justify\"><em>9) Di quei suoi cinque goal quale ricorda con pi\u00f9 orgoglio?\u00a0<br><\/em>Scontatissimo! Ovviamente quel goal realizzato nel derby di cui parlavamo prima. Anche perch\u00e9 a volte capita di essere fermato dai tifosi dell\u2019epoca che ancora mi ricordano quel goal e la rabbia per la beffa finale successiva!\u00a0Ovviamente tutto questo non pu\u00f2 che farmi piacere.<br><\/p>\n\n\n\n<p class=\"has-text-align-justify\"><em>10) Chi furono i suoi compagni di squadra con cui leg\u00f2 maggiormente e perch\u00e9?\u00a0<br><\/em>Soprattutto i miei coetanei, con cui condividevo la grande passione per il calcio e gli interessi comuni nella vita di relazione. In particolare con Liguori, Casisa, Vianello.<br><\/p>\n\n\n\n<p class=\"has-text-align-justify\"><em>11) Si dice che le fortune di una squadra iniziano nello spogliatoio, magari con delle figure che diventano dei punti di riferimento per il resto della squadra. Chi erano i leader di quella rosa?<br><\/em>Erano logicamente quelli pi\u00f9 anziani e consolidati, come Marinai, Meregalli, Nicolini, Cardillo.<br><\/p>\n\n\n\n<p class=\"has-text-align-justify\"><em>12) Presidente di quella Ternana era il Dott. Manini, succeduto all\u2019Ing. Creonti, che ricopriva comunque la carica di Presidente Onorario. Che rapporto avevate voi giocatori con entrambi?<br><\/em>Un rapporto veramente ottimo, basato soprattutto sulla reciproca disponibilit\u00e0.<br><\/p>\n\n\n\n<p class=\"has-text-align-justify\"><em>13) La sua stagione in maglia delle Fere fu l\u2019ultima giocata nella mitica \u201cPista\u201d di Viale Brin. Si racconta ancora che il tifo a due passi dal campo fosse spesso determinante ai fini del bel gioco e del risultato. Secondo lei questa convinzione corrisponde a verit\u00e0?<br><\/em>Assolutamente vero! Era emozionante scendere in campo avendo un pubblico che ti spingeva verso la vittoria, dall\u2019inizio alla fine di ogni partita. Un tifo semplice, spontaneo ma passionale.\u00a0<br><\/p>\n\n\n\n<p class=\"has-text-align-justify\"><em>14) Che esperienza fu quindi per lei quell\u2019unica stagione in rossoverde?<br><\/em>Fu sicuramente un\u2019esperienza molto positiva e costruttiva per ci\u00f2 che concerne la mia successiva carriera professionale nel mondo del calcio.<br><\/p>\n\n\n\n<p class=\"has-text-align-justify\"><em>15) Nell\u2019estate del 1969 torna al Foggia. Una scelta condivisa? \u00a0<br><\/em>Cos\u00ec come l\u2019estate precedente, la decisione venne presa, immagino, dalle due societ\u00e0, senza che io venissi assolutamente consultato. All\u2019epoca i giocatori non avevano procuratori o agenti che tutelassero i loro interessi.<br><\/p>\n\n\n\n<p class=\"has-text-align-justify\"><em>16) Il 31-05-1970, terz\u2019ultima di calendario, torna a Terni da avversario, questa volta nel nuovo stadio Liberati, in una partita determinante ai fini del risultato finale per la sua squadra (Ternana-Foggia 0-2, successiva promozione in serie A). Che ricordi ha di quel pomeriggio?\u00a0<br><\/em>Ovviamente ho un ricordo bellissimo perch\u00e9 quella fu la partita che avrebbe poi avrebbe deciso la nostra promozione in serie A. Ricordo anche che uscendo dal tunnel del Liberati per entrare in campo non fui accolto benissimo, qualche fischio e qualche urlo nei miei confronti ma nulla di pi\u00f9. Ma questo credo che rientrasse nei normali canoni di comportamento da parte di una tifoseria nei confronti di un ex.<br><\/p>\n\n\n\n<p class=\"has-text-align-justify\"><em>17) Lei torner\u00e0 poi a vivere nella nostra citt\u00e0, che diventer\u00e0 a quel punto anche la sua. Quali furono i motivi che lo portarono a diventare ternano di adozione?\u00a0<br><\/em>Semplicemente perch\u00e9 allora conobbi, proprio dopo la partita contro il Foggia (Ternana-Foggia 1-0, il 05-01-1969) (evidentemente un destino!) la donna che ancora amo dopo cinquanta anni di matrimonio e con la quale ho avuto la gioia di avere due figlie e tre nipoti.<br><\/p>\n\n\n\n<p class=\"has-text-align-justify\"><em>18) Che cosa non amava del mondo del calcio della sua epoca? Ed in quello di oggi?<br><\/em>Allora apprezzavo l\u2019eccessiva rigorosit\u00e0 in determinate situazioni mentre oggi detesto l\u2019eccessiva commercializzazione di uno sport bellissimo che spesso scade proprio a causa di interessi prettamente economici.<br><\/p>\n\n\n\n<p class=\"has-text-align-justify\"><em>19) Per concludere, le \u00e8 mai capitato di sognare una carriera diversa da quella che ha avuto?<br><\/em>Assolutamente no, perch\u00e9 oltre a coltivare la passione per il calcio ho continuato a studiare fino ad ottenere, presso l\u2019Universit\u00e0 di Perugia, la laurea in Giurisprudenza, la quale mi ha permesso di raggiungere la gratificante carriera di dirigente presso la Regione Umbria.<\/p>\n\n\n\n<figure class=\"wp-block-table is-style-stripes\"><table class=\"has-vivid-red-background-color has-text-color has-background\" style=\"color:#11611a\"><thead><tr><th class=\"has-text-align-center\" data-align=\"center\">Stagione<\/th><th class=\"has-text-align-center\" data-align=\"center\">Competizione<\/th><th class=\"has-text-align-center\" data-align=\"center\">Presenze<\/th><th class=\"has-text-align-center\" data-align=\"center\">Goal<\/th><th class=\"has-text-align-center\" data-align=\"center\">Competizione<\/th><th class=\"has-text-align-center\" data-align=\"center\">Presenze<\/th><th class=\"has-text-align-center\" data-align=\"center\">Goal<\/th><\/tr><\/thead><tbody><tr><td class=\"has-text-align-center\" data-align=\"center\">1968-\u201969<\/td><td class=\"has-text-align-center\" data-align=\"center\">Serie B<\/td><td class=\"has-text-align-center\" data-align=\"center\">20<\/td><td class=\"has-text-align-center\" data-align=\"center\">5<\/td><td class=\"has-text-align-center\" data-align=\"center\">Coppa Italia<\/td><td class=\"has-text-align-center\" data-align=\"center\">3<\/td><td class=\"has-text-align-center\" data-align=\"center\">0<\/td><\/tr><\/tbody><\/table><figcaption>La carriera di Montepagani in rossoverde<\/figcaption><\/figure>\n\n\n\n<figure class=\"wp-block-table is-style-stripes\"><table><thead><tr><th class=\"has-text-align-center\" data-align=\"center\">Stagione<\/th><th class=\"has-text-align-center\" data-align=\"center\">Squadra<\/th><th class=\"has-text-align-center\" data-align=\"center\">Serie<\/th><\/tr><\/thead><tbody><tr><td class=\"has-text-align-center\" data-align=\"center\">1964-\u201967<\/td><td class=\"has-text-align-center\" data-align=\"center\">Massese<\/td><td class=\"has-text-align-center\" data-align=\"center\">Serie C &#8211; D<\/td><\/tr><tr><td class=\"has-text-align-center\" data-align=\"center\">1967-\u201968<\/td><td class=\"has-text-align-center\" data-align=\"center\">Foggia<\/td><td class=\"has-text-align-center\" data-align=\"center\">Serie B<\/td><\/tr><tr><td class=\"has-text-align-center\" data-align=\"center\">1968-\u201969<\/td><td class=\"has-text-align-center\" data-align=\"center\">Ternana<\/td><td class=\"has-text-align-center\" data-align=\"center\">Serie B<\/td><\/tr><tr><td class=\"has-text-align-center\" data-align=\"center\">1969-\u201971<\/td><td class=\"has-text-align-center\" data-align=\"center\">Foggia<\/td><td class=\"has-text-align-center\" data-align=\"center\">Serie A &#8211; B<\/td><\/tr><tr><td class=\"has-text-align-center\" data-align=\"center\">1971-\u201973<\/td><td class=\"has-text-align-center\" data-align=\"center\">Prato<\/td><td class=\"has-text-align-center\" data-align=\"center\">Serie C<\/td><\/tr><tr><td class=\"has-text-align-center\" data-align=\"center\">1973-\u201975<\/td><td class=\"has-text-align-center\" data-align=\"center\">Mantova<\/td><td class=\"has-text-align-center\" data-align=\"center\">Serie C<\/td><\/tr><tr><td class=\"has-text-align-center\" data-align=\"center\">1975-\u201976<\/td><td class=\"has-text-align-center\" data-align=\"center\">Voluntas Spoleto<\/td><td class=\"has-text-align-center\" data-align=\"center\">Serie D<\/td><\/tr><\/tbody><\/table><figcaption>La carriera di Claudio Montepagani<\/figcaption><\/figure>\n\n\n\n<p>Visitate il sito\u00a0<a href=\"http:\/\/www.memorierossoverdi.it\/\" target=\"_blank\" rel=\"noopener\">www.memorierossoverdi.it<\/a>: filmati d\u2019epoca, foto, articoli, poesie, collezioni di figurine, biglietti, gadgets, ecc. sulla Ternana.<\/p>\n\n\n\n<p><\/p>\n\n\n\n<p><strong><em>di Marco Barcarotti<\/em><\/strong><\/p>\n\n\n\n<div style=\"text-align:center\" class=\"wp-block-algori-social-share-buttons-block-algori-social-share-buttons\"><button class=\"bttn-minimal bttn-md bttn-primary algori-social-share-buttons-settings algori-social-share-buttons-facebook\" onclick=\"window.open('https:\/\/www.facebook.com\/sharer.php?u=https:\/\/dajemo.com\/?p=3496', '_blank')\"><i class=\"fab fa-facebook-f\"><\/i>\u00a0 \u00a0Facebook<\/button><button class=\"bttn-minimal bttn-md bttn-primary algori-social-share-buttons-settings algori-social-share-buttons-twitter\" onclick=\"window.open('https:\/\/twitter.com\/intent\/tweet?url=https:\/\/dajemo.com\/?p=3496', '_blank')\"><i class=\"fab fa-twitter\"><\/i>\u00a0 \u00a0Twitter<\/button><button class=\"bttn-minimal bttn-md bttn-primary algori-social-share-buttons-settings algori-social-share-buttons-whatsapp\" onclick=\"window.open('https:\/\/web.whatsapp.com\/send?text=https:\/\/dajemo.com\/?p=3496', '_blank')\"><i class=\"fab fa-whatsapp\"><\/i>\u00a0 \u00a0WhatsApp<\/button><button class=\"bttn-minimal bttn-md bttn-primary algori-social-share-buttons-settings algori-social-share-buttons-telegram\" onclick=\"window.open('https:\/\/t.me\/share\/url?url=https:\/\/dajemo.com\/?p=3496', '_blank')\"><i class=\"fab fa-telegram\"><\/i>\u00a0 \u00a0Telegram<\/button><\/div>\n","protected":false},"excerpt":{"rendered":"<p>Ci sono giocatori che militano in una qualunque societ\u00e0 calcistica, magari anche per pi\u00f9 di una stagione, e passano nel dimenticatoio subito dopo che hanno lasciato quella maglia. Poi ci sono altri che invece&#46;&#46;&#46;<\/p>\n","protected":false},"author":1,"featured_media":3495,"comment_status":"open","ping_status":"open","sticky":false,"template":"","format":"standard","meta":{"_eb_attr":"","pgc_sgb_lightbox_settings":"","footnotes":""},"categories":[10],"tags":[],"class_list":["post-3496","post","type-post","status-publish","format-standard","has-post-thumbnail","hentry","category-interviste"],"_links":{"self":[{"href":"https:\/\/dajemo.com\/index.php?rest_route=\/wp\/v2\/posts\/3496","targetHints":{"allow":["GET"]}}],"collection":[{"href":"https:\/\/dajemo.com\/index.php?rest_route=\/wp\/v2\/posts"}],"about":[{"href":"https:\/\/dajemo.com\/index.php?rest_route=\/wp\/v2\/types\/post"}],"author":[{"embeddable":true,"href":"https:\/\/dajemo.com\/index.php?rest_route=\/wp\/v2\/users\/1"}],"replies":[{"embeddable":true,"href":"https:\/\/dajemo.com\/index.php?rest_route=%2Fwp%2Fv2%2Fcomments&post=3496"}],"version-history":[{"count":1,"href":"https:\/\/dajemo.com\/index.php?rest_route=\/wp\/v2\/posts\/3496\/revisions"}],"predecessor-version":[{"id":3497,"href":"https:\/\/dajemo.com\/index.php?rest_route=\/wp\/v2\/posts\/3496\/revisions\/3497"}],"wp:featuredmedia":[{"embeddable":true,"href":"https:\/\/dajemo.com\/index.php?rest_route=\/wp\/v2\/media\/3495"}],"wp:attachment":[{"href":"https:\/\/dajemo.com\/index.php?rest_route=%2Fwp%2Fv2%2Fmedia&parent=3496"}],"wp:term":[{"taxonomy":"category","embeddable":true,"href":"https:\/\/dajemo.com\/index.php?rest_route=%2Fwp%2Fv2%2Fcategories&post=3496"},{"taxonomy":"post_tag","embeddable":true,"href":"https:\/\/dajemo.com\/index.php?rest_route=%2Fwp%2Fv2%2Ftags&post=3496"}],"curies":[{"name":"wp","href":"https:\/\/api.w.org\/{rel}","templated":true}]}}