{"id":3623,"date":"2022-07-21T14:18:28","date_gmt":"2022-07-21T14:18:28","guid":{"rendered":"https:\/\/dajemo.com\/?p=3623"},"modified":"2022-07-21T14:18:30","modified_gmt":"2022-07-21T14:18:30","slug":"news-falletti-torna-in-gruppo","status":"publish","type":"post","link":"https:\/\/dajemo.com\/?p=3623","title":{"rendered":"NEWS: Falletti torna in gruppo"},"content":{"rendered":"<div class=\"wp-block-image\">\n<figure class=\"alignleft size-large\"><img loading=\"lazy\" decoding=\"async\" width=\"1024\" height=\"768\" src=\"https:\/\/dajemo.com\/wp-content\/uploads\/2022\/07\/52D3A58C-346B-4CB4-922D-9918F88AAA4B-1024x768.jpeg\" alt=\"\" class=\"wp-image-3624\" title=\"\" srcset=\"https:\/\/dajemo.com\/wp-content\/uploads\/2022\/07\/52D3A58C-346B-4CB4-922D-9918F88AAA4B-1024x768.jpeg 1024w, https:\/\/dajemo.com\/wp-content\/uploads\/2022\/07\/52D3A58C-346B-4CB4-922D-9918F88AAA4B-300x225.jpeg 300w, https:\/\/dajemo.com\/wp-content\/uploads\/2022\/07\/52D3A58C-346B-4CB4-922D-9918F88AAA4B-768x576.jpeg 768w, https:\/\/dajemo.com\/wp-content\/uploads\/2022\/07\/52D3A58C-346B-4CB4-922D-9918F88AAA4B-1536x1152.jpeg 1536w, https:\/\/dajemo.com\/wp-content\/uploads\/2022\/07\/52D3A58C-346B-4CB4-922D-9918F88AAA4B-2048x1536.jpeg 2048w, https:\/\/dajemo.com\/wp-content\/uploads\/2022\/07\/52D3A58C-346B-4CB4-922D-9918F88AAA4B-1320x990.jpeg 1320w, https:\/\/dajemo.com\/wp-content\/uploads\/2022\/07\/52D3A58C-346B-4CB4-922D-9918F88AAA4B-600x450.jpeg 600w\" sizes=\"auto, (max-width: 1024px) 100vw, 1024px\" \/><\/figure>\n<\/div>\n\n\n<p class=\"has-text-align-left\">Oggi gioved\u00ec 21 luglio, intorno alle dieci, la squadra di mister Cristiano Lucarelli si \u00e8 allenata presso il terreno di gioco di Campomaggio. La seduta \u00e8 stata di tattica, in vista dell\u2019amichevole di domani a Coverciano contro il Pontedera. L\u2019allenatore ha potuto provare i nuovi schemi e i due sistemi di gioco con cui presumibilmente inizier\u00e0 la stagione, ovvero il 4-3-3 e il 4-3-2-1. La notizia del giorno \u00e8 sicuramente il rientro in gruppo di Cesar Faletti, l\u2019attaccante torna ad allenarsi con i compagni dopo l\u2019infortunio al crociato sub\u00ecto a febbraio scorso contro il Monza. Da segnalare le assenze di Celli, Pettinari, Salzano e Mazza, quest\u2019ultimo ceduto nelle ultime ore in prestito al Taranto in serie C.&nbsp;<br><\/p>\n\n\n\n<p><strong><em>di Filippo Marcelli<\/em><\/strong><\/p>\n\n\n\n<div style=\"text-align:center\" class=\"wp-block-algori-social-share-buttons-block-algori-social-share-buttons\"><button class=\"bttn-simple bttn-md bttn-primary algori-social-share-buttons-settings algori-social-share-buttons-facebook\" onclick=\"window.open('https:\/\/www.facebook.com\/sharer.php?u=https:\/\/dajemo.com\/?p=3623', '_blank')\"><i class=\"fab fa-facebook-f\"><\/i>\u00a0 \u00a0Facebook<\/button><button class=\"bttn-simple bttn-md bttn-primary algori-social-share-buttons-settings algori-social-share-buttons-twitter\" onclick=\"window.open('https:\/\/twitter.com\/intent\/tweet?url=https:\/\/dajemo.com\/?p=3623', '_blank')\"><i class=\"fab fa-twitter\"><\/i>\u00a0 \u00a0Twitter<\/button><button class=\"bttn-simple bttn-md bttn-primary algori-social-share-buttons-settings algori-social-share-buttons-whatsapp\" onclick=\"window.open('https:\/\/web.whatsapp.com\/send?text=https:\/\/dajemo.com\/?p=3623', '_blank')\"><i class=\"fab fa-whatsapp\"><\/i>\u00a0 \u00a0WhatsApp<\/button><button class=\"bttn-simple bttn-md bttn-primary algori-social-share-buttons-settings algori-social-share-buttons-telegram\" onclick=\"window.open('https:\/\/t.me\/share\/url?url=https:\/\/dajemo.com\/?p=3623', '_blank')\"><i class=\"fab fa-telegram\"><\/i>\u00a0 \u00a0Telegram<\/button><\/div>\n","protected":false},"excerpt":{"rendered":"<p>Oggi gioved\u00ec 21 luglio, intorno alle dieci, la squadra di mister Cristiano Lucarelli si \u00e8 allenata presso il terreno di gioco di Campomaggio. La seduta \u00e8 stata di tattica, in vista dell\u2019amichevole di domani&#46;&#46;&#46;<\/p>\n","protected":false},"author":4,"featured_media":3624,"comment_status":"open","ping_status":"open","sticky":false,"template":"","format":"standard","meta":{"_eb_attr":"","pgc_sgb_lightbox_settings":"","footnotes":""},"categories":[85],"tags":[68,88,64],"class_list":["post-3623","post","type-post","status-publish","format-standard","has-post-thumbnail","hentry","category-news","tag-calcio","tag-falletti","tag-ternana"],"_links":{"self":[{"href":"https:\/\/dajemo.com\/index.php?rest_route=\/wp\/v2\/posts\/3623","targetHints":{"allow":["GET"]}}],"collection":[{"href":"https:\/\/dajemo.com\/index.php?rest_route=\/wp\/v2\/posts"}],"about":[{"href":"https:\/\/dajemo.com\/index.php?rest_route=\/wp\/v2\/types\/post"}],"author":[{"embeddable":true,"href":"https:\/\/dajemo.com\/index.php?rest_route=\/wp\/v2\/users\/4"}],"replies":[{"embeddable":true,"href":"https:\/\/dajemo.com\/index.php?rest_route=%2Fwp%2Fv2%2Fcomments&post=3623"}],"version-history":[{"count":1,"href":"https:\/\/dajemo.com\/index.php?rest_route=\/wp\/v2\/posts\/3623\/revisions"}],"predecessor-version":[{"id":3625,"href":"https:\/\/dajemo.com\/index.php?rest_route=\/wp\/v2\/posts\/3623\/revisions\/3625"}],"wp:featuredmedia":[{"embeddable":true,"href":"https:\/\/dajemo.com\/index.php?rest_route=\/wp\/v2\/media\/3624"}],"wp:attachment":[{"href":"https:\/\/dajemo.com\/index.php?rest_route=%2Fwp%2Fv2%2Fmedia&parent=3623"}],"wp:term":[{"taxonomy":"category","embeddable":true,"href":"https:\/\/dajemo.com\/index.php?rest_route=%2Fwp%2Fv2%2Fcategories&post=3623"},{"taxonomy":"post_tag","embeddable":true,"href":"https:\/\/dajemo.com\/index.php?rest_route=%2Fwp%2Fv2%2Ftags&post=3623"}],"curies":[{"name":"wp","href":"https:\/\/api.w.org\/{rel}","templated":true}]}}