{"id":3659,"date":"2022-08-21T22:57:35","date_gmt":"2022-08-21T22:57:35","guid":{"rendered":"https:\/\/dajemo.com\/?p=3659"},"modified":"2022-08-21T22:57:37","modified_gmt":"2022-08-21T22:57:37","slug":"ternana-reggina-1-0-lucarelli-abbiamo-giocato-di-squadra","status":"publish","type":"post","link":"https:\/\/dajemo.com\/?p=3659","title":{"rendered":"Ternana-Reggina 1-0 Lucarelli: &#8220;Abbiamo giocato di squadra&#8221;"},"content":{"rendered":"\n<p>Di seguito le parole del mister Cristiano Lucarelli e del marcatore rossoverde Anthony Partipilo<\/p>\n\n\n\n<figure class=\"wp-block-image size-medium\"><img loading=\"lazy\" decoding=\"async\" width=\"300\" height=\"225\" src=\"https:\/\/dajemo.com\/wp-content\/uploads\/2022\/08\/image_50455041-300x225.jpg\" alt=\"\" class=\"wp-image-3660\" title=\"\" srcset=\"https:\/\/dajemo.com\/wp-content\/uploads\/2022\/08\/image_50455041-300x225.jpg 300w, https:\/\/dajemo.com\/wp-content\/uploads\/2022\/08\/image_50455041-1024x768.jpg 1024w, https:\/\/dajemo.com\/wp-content\/uploads\/2022\/08\/image_50455041-768x576.jpg 768w, https:\/\/dajemo.com\/wp-content\/uploads\/2022\/08\/image_50455041-1536x1152.jpg 1536w, https:\/\/dajemo.com\/wp-content\/uploads\/2022\/08\/image_50455041-2048x1536.jpg 2048w, https:\/\/dajemo.com\/wp-content\/uploads\/2022\/08\/image_50455041-1320x990.jpg 1320w, https:\/\/dajemo.com\/wp-content\/uploads\/2022\/08\/image_50455041-600x450.jpg 600w\" sizes=\"auto, (max-width: 300px) 100vw, 300px\" \/><\/figure>\n\n\n\n<figure class=\"wp-block-image size-medium\"><img loading=\"lazy\" decoding=\"async\" width=\"300\" height=\"225\" src=\"https:\/\/dajemo.com\/wp-content\/uploads\/2022\/08\/image_50725633-300x225.jpg\" alt=\"\" class=\"wp-image-3661\" title=\"\" srcset=\"https:\/\/dajemo.com\/wp-content\/uploads\/2022\/08\/image_50725633-300x225.jpg 300w, https:\/\/dajemo.com\/wp-content\/uploads\/2022\/08\/image_50725633-1024x769.jpg 1024w, https:\/\/dajemo.com\/wp-content\/uploads\/2022\/08\/image_50725633-768x577.jpg 768w, https:\/\/dajemo.com\/wp-content\/uploads\/2022\/08\/image_50725633-1536x1154.jpg 1536w, https:\/\/dajemo.com\/wp-content\/uploads\/2022\/08\/image_50725633-2048x1539.jpg 2048w, https:\/\/dajemo.com\/wp-content\/uploads\/2022\/08\/image_50725633-1320x992.jpg 1320w, https:\/\/dajemo.com\/wp-content\/uploads\/2022\/08\/image_50725633-600x451.jpg 600w\" sizes=\"auto, (max-width: 300px) 100vw, 300px\" \/><\/figure>\n\n\n\n<p>Arriva alla seconda giornata di campionato la prima vittoria stagionale della squadra di mister Cristiano Lucarelli. Successo avvenuto davanti ad un Libero Liberati riempito da oltre cinque mila tifosi, secondo miglior dato post pandemia dietro solo alla partita contro il Perugia nella scorsa stagione.<\/p>\n\n\n\n<p>La squadra ha creato numerose occasioni, ha attaccato e difeso bene rimanendo sempre corta. Al 26\u2019 del primo tempo il gol di Partipilo ha sbloccato il match, insaccando di destro un pallone al bacio servito da Palumbo, distante oltre trenta metri. Nel secondo tempo ha spinto di pi\u00f9 la Reggina crossando numerosi palloni all\u2019interno dell\u2019area di rigore, facilmente gestiti dai difensori rossoverdi. Negli ultimi minuti, in pieno recupero si \u00e8 ravvivata la gara, prima a causa di una pallonata che ha colpito Bogdan in volto che gli ha causato un trauma cranico, in cui \u00e8 stato necessario anche l\u2019ingresso della barella, poi con un\u2019azione in contropiede conclusa da Ferrante che da posizione defilata ha calciato sul fondo.<\/p>\n\n\n\n<p>A fine partita Cristiano Lucarelli ha elogiato i suoi affermando come abbiano giocato da vera squadra, attaccando e difendendo insieme: \u201cCi siamo difesi pi\u00f9 bassi, soprattutto dopo il gol, difendendo con un 4-5-1. Non abbiamo fatto esprimere Fabbian e Rivas come sanno fare, costringendoli a giocare sullo stretto invece che in profondit\u00e0\u201d. A proposito dei cambi effettuati nei primi minuti del secondo tempo: \u201cCoulibaly \u00e8 al rientro da un infortunio e l\u2019ho dovuto sostituire, cos\u00ec come Palumbo e Diakit\u00e9, nel campo c\u2019era molta sabbia ma sicuramente rispetto all\u2019anno scorso sembrava di giocare a Wembley\u201d. Infine ha rivolto un ultimo pensiero ai tifosi: \u201cI cinque mila supporters si sono fatti sentire, soprattutto considerando il periodo in cui ancora in molti sono in vacanza. Siamo rimasti contenti perch\u00e9 l\u2019anno scorso non abbiamo mai toccato questi numeri\u201d.<\/p>\n\n\n\n<p>Anthony Partipilo invece si \u00e8 detto soddisfatto di aver segnato con il destro, non il suo piede forte, e felice di aver esultato davanti alla Curva Nord: \u201cSono contento del gol che ho fatto, soprattutto dopo gli errori commessi nelle ultime partite. Per me l\u2019importante era vincere e ci siamo riusciti. Siamo un gruppo unito e in questa stagione abbiamo messo dentro giocatori importanti che ci aiuteranno a fare un salto di qualit\u00e0 \u2013 ha proseguito parlando del suo rapporto con Cesar Falletti \u2013 \u00e8 un fratello per me, quando \u00e8 sceso in campo mi si sono illuminati gli occhi, mi \u00e8 mancato\u201d.<\/p>\n\n\n\n<p>Nella prossima settimana i ragazzi torneranno a lavorare per preparare la trasferta di Modena, in cui si cercher\u00e0 di dare continuit\u00e0 al risultato ottenuto domenica sera. <\/p>\n\n\n\n<p><strong><em>di Filippo Marcelli<\/em><\/strong><\/p>\n\n\n\n<div style=\"text-align:center\" class=\"wp-block-algori-social-share-buttons-block-algori-social-share-buttons\"><button class=\"bttn-simple bttn-md bttn-primary algori-social-share-buttons-settings algori-social-share-buttons-facebook\" onclick=\"window.open('https:\/\/www.facebook.com\/sharer.php?u=https:\/\/dajemo.com\/?p=3659', '_blank')\"><i class=\"fab fa-facebook-f\"><\/i>\u00a0 \u00a0Facebook<\/button><button class=\"bttn-simple bttn-md bttn-primary algori-social-share-buttons-settings algori-social-share-buttons-twitter\" onclick=\"window.open('https:\/\/twitter.com\/intent\/tweet?url=https:\/\/dajemo.com\/?p=3659', '_blank')\"><i class=\"fab fa-twitter\"><\/i>\u00a0 \u00a0Twitter<\/button><button class=\"bttn-simple bttn-md bttn-primary algori-social-share-buttons-settings algori-social-share-buttons-whatsapp\" onclick=\"window.open('https:\/\/web.whatsapp.com\/send?text=https:\/\/dajemo.com\/?p=3659', '_blank')\"><i class=\"fab fa-whatsapp\"><\/i>\u00a0 \u00a0WhatsApp<\/button><button class=\"bttn-simple bttn-md bttn-primary algori-social-share-buttons-settings algori-social-share-buttons-telegram\" onclick=\"window.open('https:\/\/t.me\/share\/url?url=https:\/\/dajemo.com\/?p=3659', '_blank')\"><i class=\"fab fa-telegram\"><\/i>\u00a0 \u00a0Telegram<\/button><\/div>\n","protected":false},"excerpt":{"rendered":"<p>Di seguito le parole del mister Cristiano Lucarelli e del marcatore rossoverde Anthony Partipilo Arriva alla seconda giornata di campionato la prima vittoria stagionale della squadra di mister Cristiano Lucarelli. Successo avvenuto davanti ad&#46;&#46;&#46;<\/p>\n","protected":false},"author":4,"featured_media":3662,"comment_status":"open","ping_status":"open","sticky":false,"template":"","format":"standard","meta":{"_eb_attr":"","pgc_sgb_lightbox_settings":"","footnotes":""},"categories":[85],"tags":[68,93,91,94,89,67,64],"class_list":["post-3659","post","type-post","status-publish","format-standard","has-post-thumbnail","hentry","category-news","tag-calcio","tag-dajemo-2","tag-fere","tag-lucarelli","tag-partipilo","tag-serie-b","tag-ternana"],"_links":{"self":[{"href":"https:\/\/dajemo.com\/index.php?rest_route=\/wp\/v2\/posts\/3659","targetHints":{"allow":["GET"]}}],"collection":[{"href":"https:\/\/dajemo.com\/index.php?rest_route=\/wp\/v2\/posts"}],"about":[{"href":"https:\/\/dajemo.com\/index.php?rest_route=\/wp\/v2\/types\/post"}],"author":[{"embeddable":true,"href":"https:\/\/dajemo.com\/index.php?rest_route=\/wp\/v2\/users\/4"}],"replies":[{"embeddable":true,"href":"https:\/\/dajemo.com\/index.php?rest_route=%2Fwp%2Fv2%2Fcomments&post=3659"}],"version-history":[{"count":1,"href":"https:\/\/dajemo.com\/index.php?rest_route=\/wp\/v2\/posts\/3659\/revisions"}],"predecessor-version":[{"id":3663,"href":"https:\/\/dajemo.com\/index.php?rest_route=\/wp\/v2\/posts\/3659\/revisions\/3663"}],"wp:featuredmedia":[{"embeddable":true,"href":"https:\/\/dajemo.com\/index.php?rest_route=\/wp\/v2\/media\/3662"}],"wp:attachment":[{"href":"https:\/\/dajemo.com\/index.php?rest_route=%2Fwp%2Fv2%2Fmedia&parent=3659"}],"wp:term":[{"taxonomy":"category","embeddable":true,"href":"https:\/\/dajemo.com\/index.php?rest_route=%2Fwp%2Fv2%2Fcategories&post=3659"},{"taxonomy":"post_tag","embeddable":true,"href":"https:\/\/dajemo.com\/index.php?rest_route=%2Fwp%2Fv2%2Ftags&post=3659"}],"curies":[{"name":"wp","href":"https:\/\/api.w.org\/{rel}","templated":true}]}}