{"id":3984,"date":"2022-12-27T19:55:40","date_gmt":"2022-12-27T19:55:40","guid":{"rendered":"https:\/\/dajemo.com\/?p=3984"},"modified":"2022-12-28T07:32:04","modified_gmt":"2022-12-28T07:32:04","slug":"tommaso-tommy-montanari-tutto-pronto-per-il-sogno-dakar","status":"publish","type":"post","link":"https:\/\/dajemo.com\/?p=3984","title":{"rendered":"Tommaso Tommy Montanari: Tutto pronto per il sogno Dakar"},"content":{"rendered":"\n<p><\/p>\n\n\n\n<p class=\"has-text-align-justify\"><\/p>\n\n\n\n<p class=\"has-text-align-justify\"><img decoding=\"async\" class=\"wp-image-3983\" style=\"width: 150px;\" src=\"https:\/\/dajemo.com\/wp-content\/uploads\/2022\/12\/DCS_5070-scaled.jpg\" alt=\"\" title=\"\"> E&#8217; tutto pronto per il <em><strong>sogno Dakar<\/strong><\/em> di Tommaso Montanari e chiss\u00e0 <strong><em> Nonna Iole<\/em><\/strong>  che un tempo ,era l\u201980 o forse l\u201981, davanti al Bar Ambassador, con tanto di rampa, palco, speaker e con un figlio, <strong><em>Mario<\/em><\/strong>, in procinto di partire in moto per l\u2019Africa, non trov\u00f2 miglior raccomandazione per lui se non un <strong><em>Me raccomanno fijo mio, sta attento a li leoni!<\/em><\/strong>, cosa terr\u00e0 in serbo per il nipote. Di sicuro non potranno essere tirati in ballo felini con la criniera e altre belve feroci  perch\u00e9 di quella che fu la <strong><em>Parigi-Dakar<\/em><\/strong>, e che si in Africa non solo ci arrivava ma la attraversava pure in zone poco raccomandabili, \u00e8 rimasto soltanto il nome di quest\u2019ultima localit\u00e0. Non si parte pi\u00f9 all\u2019ombra della Torre Eiffel, non c\u2019\u00e8 la stessa la sabbia, lo stesso deserto, le stesse dune; non si corre pi\u00f9 appunto attraversando l\u2019Africa ma bens\u00ec l\u2019Arabia Saudita e quindi, figuriamoci se i leoni potranno essere un problema \u2026 Non che per Tommaso sar\u00e0 pi\u00f9 facile, e ne sa qualcosa Danilo Petrucci che lo scorso anno vi ha preso parte, perch\u00e9 una gara come la Dakar, che si corra in Africa, in Sud America, come \u00e8 accaduto pi\u00f9 volte, o in Arabia, ha insite in se stessa migliaia di insidie. Basta vedere il road-book montato sulla sua Husquarna Solarys, 450cc di pura potenza  per una velocit\u00e0 limitata per regolamento a poco pi\u00f9 di 170 kmh, per capire che i problemi iniziano proprio da li. Andare forte sulle dune non \u00e8 certamente facile ma trovare la strada giusta lo \u00e8 ancora di meno e se hai il coraggio di tenere la manetta aperta ma punti le ruote nella direzione sbagliata, la tua Dakar rischia di finire prima ancora di iniziare. Tommaso Montanari, sei volte campione italiano ed un titolo europeo in bacheca tra enduro e motorally, per prepararsi a quella che viene considerata la gara motociclistica pi\u00f9 lunga ed impegnativa del mondo, e per imparare a navigare come si dice in gergo, \u00e8 andato in Marocco a gareggiare nell&#8217;omonima gara dove si \u00e8 conquistato il titolo di  <strong><em>Rookies of the Year<\/em><\/strong>, cosa questa che gli \u00e8 valsa il passaporto per la Dakar che per la edizione 2023, la quarta in Arabia Saudita, dal 31 dicembre al 15 gennaio attraverser\u00e0 il paese arabo partendo dalle spiagge del Mar Rosso sino al Golfo Persico. Qualche giorno fa nell&#8217;officina di pap\u00e0 Mario, moto e racing clothing hanno fatto da sfondo ad una rimpatriata tra amici, tutti pronti a brindare per un sincero in bocca al lupo; c&#8217;eravamo anche noi di <strong><em>Daje m\u00f2<\/em><\/strong> cosi come ci saremo al termine di tutte le tappe per raccontare risultati ed impressioni; a Tommy, per l&#8217;occasione, abbiamo regalato anche una maglia con tanto di nome e <strong><em>dorsal 124<\/em><\/strong>, il suo numero di gara, in bella evidenza con un motto che parafrasando quello dei Cavalieri Jedi speriamo gli sia bi buon auspicio: <strong><em>Che la Fera sia con te! <\/em><\/strong>In ogni caso Tommaso ha gi\u00e0 vinto perch\u00e9 il suo sogno si \u00e8 tramutato in realt\u00e0: la Dakar lo aspetta.<\/p>\n","protected":false},"excerpt":{"rendered":"<p>E&#8217; tutto pronto per il sogno Dakar di Tommaso Montanari e chiss\u00e0 Nonna Iole che un tempo ,era l\u201980 o forse l\u201981, davanti al Bar Ambassador, con tanto di rampa, palco, speaker e con&#46;&#46;&#46;<\/p>\n","protected":false},"author":3,"featured_media":3983,"comment_status":"open","ping_status":"open","sticky":false,"template":"","format":"standard","meta":{"_eb_attr":"","pgc_sgb_lightbox_settings":"","footnotes":""},"categories":[85],"tags":[98,99,97,100],"class_list":["post-3984","post","type-post","status-publish","format-standard","has-post-thumbnail","hentry","category-news","tag-dakar2023","tag-husquarnadakar","tag-tommasomontanari","tag-teamsolarysdakar"],"_links":{"self":[{"href":"https:\/\/dajemo.com\/index.php?rest_route=\/wp\/v2\/posts\/3984","targetHints":{"allow":["GET"]}}],"collection":[{"href":"https:\/\/dajemo.com\/index.php?rest_route=\/wp\/v2\/posts"}],"about":[{"href":"https:\/\/dajemo.com\/index.php?rest_route=\/wp\/v2\/types\/post"}],"author":[{"embeddable":true,"href":"https:\/\/dajemo.com\/index.php?rest_route=\/wp\/v2\/users\/3"}],"replies":[{"embeddable":true,"href":"https:\/\/dajemo.com\/index.php?rest_route=%2Fwp%2Fv2%2Fcomments&post=3984"}],"version-history":[{"count":4,"href":"https:\/\/dajemo.com\/index.php?rest_route=\/wp\/v2\/posts\/3984\/revisions"}],"predecessor-version":[{"id":3992,"href":"https:\/\/dajemo.com\/index.php?rest_route=\/wp\/v2\/posts\/3984\/revisions\/3992"}],"wp:featuredmedia":[{"embeddable":true,"href":"https:\/\/dajemo.com\/index.php?rest_route=\/wp\/v2\/media\/3983"}],"wp:attachment":[{"href":"https:\/\/dajemo.com\/index.php?rest_route=%2Fwp%2Fv2%2Fmedia&parent=3984"}],"wp:term":[{"taxonomy":"category","embeddable":true,"href":"https:\/\/dajemo.com\/index.php?rest_route=%2Fwp%2Fv2%2Fcategories&post=3984"},{"taxonomy":"post_tag","embeddable":true,"href":"https:\/\/dajemo.com\/index.php?rest_route=%2Fwp%2Fv2%2Ftags&post=3984"}],"curies":[{"name":"wp","href":"https:\/\/api.w.org\/{rel}","templated":true}]}}