{"id":3999,"date":"2022-12-30T19:18:14","date_gmt":"2022-12-30T19:18:14","guid":{"rendered":"https:\/\/dajemo.com\/?p=3999"},"modified":"2022-12-30T19:48:01","modified_gmt":"2022-12-30T19:48:01","slug":"100-volte-daje-mo","status":"publish","type":"post","link":"https:\/\/dajemo.com\/?p=3999","title":{"rendered":"100 Volte Daje m\u00f2"},"content":{"rendered":"<div class=\"wp-block-image\">\n<figure class=\"alignleft size-large is-resized\"><img loading=\"lazy\" decoding=\"async\" src=\"https:\/\/dajemo.com\/wp-content\/uploads\/2022\/12\/Rollup_80x200-edited.jpg\" alt=\"\" class=\"wp-image-4002\" width=\"252\" height=\"252\" title=\"\" srcset=\"https:\/\/dajemo.com\/wp-content\/uploads\/2022\/12\/Rollup_80x200-edited.jpg 1006w, https:\/\/dajemo.com\/wp-content\/uploads\/2022\/12\/Rollup_80x200-edited-300x300.jpg 300w, https:\/\/dajemo.com\/wp-content\/uploads\/2022\/12\/Rollup_80x200-edited-150x150.jpg 150w, https:\/\/dajemo.com\/wp-content\/uploads\/2022\/12\/Rollup_80x200-edited-768x769.jpg 768w, https:\/\/dajemo.com\/wp-content\/uploads\/2022\/12\/Rollup_80x200-edited-80x80.jpg 80w, https:\/\/dajemo.com\/wp-content\/uploads\/2022\/12\/Rollup_80x200-edited-320x320.jpg 320w, https:\/\/dajemo.com\/wp-content\/uploads\/2022\/12\/Rollup_80x200-edited-600x601.jpg 600w, https:\/\/dajemo.com\/wp-content\/uploads\/2022\/12\/Rollup_80x200-edited-100x100.jpg 100w\" sizes=\"auto, (max-width: 252px) 100vw, 252px\" \/><\/figure>\n<\/div>\n\n\n<div class=\"wp-block-group\"><div class=\"wp-block-group__inner-container is-layout-constrained wp-block-group-is-layout-constrained\">\n<p class=\"has-text-align-justify\">Un bel traguardo, non c&#8217;\u00e8 che dire! Tanta strada percorsa insieme a partire da quel 6 luglio del 2008 e cio\u00e8 da quando <strong><em>Vairo Nulli<\/em><\/strong>, indimenticato fotografo e grande appassionato di sport in generale e di Ternana in particolare, ebbe l&#8217;idea di realizzare questo periodico che oggi, appunto, festeggia la centesima uscita. Da quel primo numero improntato principalmente sulle sorti della squadra rossoverde, e che appunto veniva distribuito in concomitanza con le gare interne di campionato, la rivista \u00e8 cresciuta sino al format attuale, mensile e con rubriche al suo interno che spaziano dallo sport, all&#8217;attualit\u00e0, al cinema, alla storia e molto altro. Cento numeri da festeggiare insieme e per questo a partire dal 6 gennaio, giorno dell&#8217;Epifania, i locali la <strong><em>BCT<\/em><\/strong>, la bibliomediateca di Terni, in Piazza della Repubblica, diverranno un contenitore di eventi, mostre, presentazioni e convegni legati al mondo dello sport e della ternanint\u00e0. Due le mostre: una dedicata alle novantanove copertine di Daje m\u00f2 realizzate sino ad ora pi\u00f9 la centesima che verr\u00e0 svelata in occasione della conferenza stampa di presentazione, un&#8217;altra dedicata a cento scatti di Vairo Nulli. Verranno presentati due libri, il primo <strong><em>Ieri, l&#8217;altro ieri la leggenda<\/em><\/strong> di Vareno Marcucci e <strong><em>The dream<\/em><\/strong> di Mirco Lazzari e Raffaella Gianolla, report fotografico della stagione del Motomondiale 2022 realizzato appunto da due tra i pi\u00f9 quotati e apprezzati fotoreporter del settore. Non mancheranno convegni che tratteranno dell&#8217;importanza della comunicazione per le societ\u00e0 sportive de dello sport come memento di inclusione. In mostra oggetti, reperti, la moto gemella a quella con cui Tommaso Montanari si sta cimentando alla Dakar e tanto altro. La redazione di Daje m\u00f2 vi aspetta per condividere con voi questo piccolo ed ulteriore regalo che vuol fare alla citt\u00e0. <\/p>\n<\/div><\/div>\n\n\n\n<div style=\"text-align:center\" class=\"wp-block-algori-social-share-buttons-block-algori-social-share-buttons\"><button class=\"bttn-simple bttn-md bttn-primary algori-social-share-buttons-settings algori-social-share-buttons-facebook\" onclick=\"window.open('https:\/\/www.facebook.com\/sharer.php?u=https:\/\/dajemo.com\/?p=3999', '_blank')\"><i class=\"fab fa-facebook-f\"><\/i>\u00a0 \u00a0Facebook<\/button><button class=\"bttn-simple bttn-md bttn-primary algori-social-share-buttons-settings algori-social-share-buttons-twitter\" onclick=\"window.open('https:\/\/twitter.com\/intent\/tweet?url=https:\/\/dajemo.com\/?p=3999', '_blank')\"><i class=\"fab fa-twitter\"><\/i>\u00a0 \u00a0Twitter<\/button><\/div>\n","protected":false},"excerpt":{"rendered":"<p>Un bel traguardo, non c&#8217;\u00e8 che dire! Tanta strada percorsa insieme a partire da quel 6 luglio del 2008 e cio\u00e8 da quando Vairo Nulli, indimenticato fotografo e grande appassionato di sport in generale&#46;&#46;&#46;<\/p>\n","protected":false},"author":3,"featured_media":3997,"comment_status":"open","ping_status":"open","sticky":false,"template":"","format":"standard","meta":{"_eb_attr":"","pgc_sgb_lightbox_settings":"","footnotes":""},"categories":[85],"tags":[68,67,64,101],"class_list":["post-3999","post","type-post","status-publish","format-standard","has-post-thumbnail","hentry","category-news","tag-calcio","tag-serie-b","tag-ternana","tag-terni"],"_links":{"self":[{"href":"https:\/\/dajemo.com\/index.php?rest_route=\/wp\/v2\/posts\/3999","targetHints":{"allow":["GET"]}}],"collection":[{"href":"https:\/\/dajemo.com\/index.php?rest_route=\/wp\/v2\/posts"}],"about":[{"href":"https:\/\/dajemo.com\/index.php?rest_route=\/wp\/v2\/types\/post"}],"author":[{"embeddable":true,"href":"https:\/\/dajemo.com\/index.php?rest_route=\/wp\/v2\/users\/3"}],"replies":[{"embeddable":true,"href":"https:\/\/dajemo.com\/index.php?rest_route=%2Fwp%2Fv2%2Fcomments&post=3999"}],"version-history":[{"count":2,"href":"https:\/\/dajemo.com\/index.php?rest_route=\/wp\/v2\/posts\/3999\/revisions"}],"predecessor-version":[{"id":4003,"href":"https:\/\/dajemo.com\/index.php?rest_route=\/wp\/v2\/posts\/3999\/revisions\/4003"}],"wp:featuredmedia":[{"embeddable":true,"href":"https:\/\/dajemo.com\/index.php?rest_route=\/wp\/v2\/media\/3997"}],"wp:attachment":[{"href":"https:\/\/dajemo.com\/index.php?rest_route=%2Fwp%2Fv2%2Fmedia&parent=3999"}],"wp:term":[{"taxonomy":"category","embeddable":true,"href":"https:\/\/dajemo.com\/index.php?rest_route=%2Fwp%2Fv2%2Fcategories&post=3999"},{"taxonomy":"post_tag","embeddable":true,"href":"https:\/\/dajemo.com\/index.php?rest_route=%2Fwp%2Fv2%2Ftags&post=3999"}],"curies":[{"name":"wp","href":"https:\/\/api.w.org\/{rel}","templated":true}]}}