{"id":4016,"date":"2023-01-02T18:15:48","date_gmt":"2023-01-02T18:15:48","guid":{"rendered":"https:\/\/dajemo.com\/?p=4016"},"modified":"2023-01-02T18:20:16","modified_gmt":"2023-01-02T18:20:16","slug":"dakar-finita-per-tommaso-montanari-per-lui-frattura-del-femore-e-piccola-lesione-alla-spalla-sinistra","status":"publish","type":"post","link":"https:\/\/dajemo.com\/?p=4016","title":{"rendered":"<strong>Dakar finita per Tommaso Montanari; per lui frattura del femore e piccola lesione alla spalla sinistra<\/strong>"},"content":{"rendered":"\n<p><\/p>\n\n\n\n<p class=\"has-text-align-justify\"><img loading=\"lazy\" decoding=\"async\" width=\"150\" height=\"100\" class=\"wp-image-4015\" style=\"width: 150px;\" src=\"https:\/\/dajemo.com\/wp-content\/uploads\/2023\/01\/DKR23IN201570-scaled.jpg\" alt=\"\" title=\"\" srcset=\"https:\/\/dajemo.com\/wp-content\/uploads\/2023\/01\/DKR23IN201570-scaled.jpg 2560w, https:\/\/dajemo.com\/wp-content\/uploads\/2023\/01\/DKR23IN201570-300x200.jpg 300w, https:\/\/dajemo.com\/wp-content\/uploads\/2023\/01\/DKR23IN201570-1024x683.jpg 1024w, https:\/\/dajemo.com\/wp-content\/uploads\/2023\/01\/DKR23IN201570-768x512.jpg 768w, https:\/\/dajemo.com\/wp-content\/uploads\/2023\/01\/DKR23IN201570-1536x1024.jpg 1536w, https:\/\/dajemo.com\/wp-content\/uploads\/2023\/01\/DKR23IN201570-2048x1365.jpg 2048w, https:\/\/dajemo.com\/wp-content\/uploads\/2023\/01\/DKR23IN201570-600x400.jpg 600w\" sizes=\"auto, (max-width: 150px) 100vw, 150px\" \/><\/p>\n\n\n\n<p class=\"has-text-align-justify\"><strong>La Dakar di Tommaso Tommy Montanari si conclude alla seconda tappa a causa di una caduta appena dopo il primo controllo orario.<\/strong><\/p>\n\n\n\n<p class=\"has-text-align-justify\">Il pilota ternano era partito molto bene tanto che al primo intertempo era transitato intorno alla nona posizione; purtroppo per\u00f2, in una zona sassosa, ma fortunatamente ad una velocit\u00e0 non molto elevata, Tommaso \u00e8 caduto e &nbsp;la moto cadendogli sopra gli ha procurato la frattura del femore oltre che una piccola lesione alla spalla sinistra.<\/p>\n\n\n\n<p class=\"has-text-align-justify\"><strong>Tommaso \u00e8 ora in attesa dell\u2019aereo che lo trasporter\u00e0 a Ryad dove verr\u00e0 operato.<\/strong><\/p>\n","protected":false},"excerpt":{"rendered":"<p>La Dakar di Tommaso Tommy Montanari si conclude alla seconda tappa a causa di una caduta appena dopo il primo controllo orario. Il pilota ternano era partito molto bene tanto che al primo intertempo&#46;&#46;&#46;<\/p>\n","protected":false},"author":3,"featured_media":4015,"comment_status":"open","ping_status":"open","sticky":false,"template":"","format":"standard","meta":{"_eb_attr":"","pgc_sgb_lightbox_settings":"","footnotes":""},"categories":[85],"tags":[],"class_list":["post-4016","post","type-post","status-publish","format-standard","has-post-thumbnail","hentry","category-news"],"_links":{"self":[{"href":"https:\/\/dajemo.com\/index.php?rest_route=\/wp\/v2\/posts\/4016","targetHints":{"allow":["GET"]}}],"collection":[{"href":"https:\/\/dajemo.com\/index.php?rest_route=\/wp\/v2\/posts"}],"about":[{"href":"https:\/\/dajemo.com\/index.php?rest_route=\/wp\/v2\/types\/post"}],"author":[{"embeddable":true,"href":"https:\/\/dajemo.com\/index.php?rest_route=\/wp\/v2\/users\/3"}],"replies":[{"embeddable":true,"href":"https:\/\/dajemo.com\/index.php?rest_route=%2Fwp%2Fv2%2Fcomments&post=4016"}],"version-history":[{"count":1,"href":"https:\/\/dajemo.com\/index.php?rest_route=\/wp\/v2\/posts\/4016\/revisions"}],"predecessor-version":[{"id":4017,"href":"https:\/\/dajemo.com\/index.php?rest_route=\/wp\/v2\/posts\/4016\/revisions\/4017"}],"wp:featuredmedia":[{"embeddable":true,"href":"https:\/\/dajemo.com\/index.php?rest_route=\/wp\/v2\/media\/4015"}],"wp:attachment":[{"href":"https:\/\/dajemo.com\/index.php?rest_route=%2Fwp%2Fv2%2Fmedia&parent=4016"}],"wp:term":[{"taxonomy":"category","embeddable":true,"href":"https:\/\/dajemo.com\/index.php?rest_route=%2Fwp%2Fv2%2Fcategories&post=4016"},{"taxonomy":"post_tag","embeddable":true,"href":"https:\/\/dajemo.com\/index.php?rest_route=%2Fwp%2Fv2%2Ftags&post=4016"}],"curies":[{"name":"wp","href":"https:\/\/api.w.org\/{rel}","templated":true}]}}