{"id":5390,"date":"2024-04-05T10:56:31","date_gmt":"2024-04-05T10:56:31","guid":{"rendered":"https:\/\/dajemo.com\/?p=5390"},"modified":"2024-04-05T10:56:33","modified_gmt":"2024-04-05T10:56:33","slug":"ternana-breda-in-conferenza-stampa-domani-faremo-bene","status":"publish","type":"post","link":"https:\/\/dajemo.com\/?p=5390","title":{"rendered":"Ternana, Breda in conferenza stampa: &lt;&lt;Domani faremo bene>>"},"content":{"rendered":"<div class=\"wp-block-image\">\n<figure class=\"alignleft size-thumbnail\"><img loading=\"lazy\" decoding=\"async\" width=\"150\" height=\"150\" src=\"https:\/\/dajemo.com\/wp-content\/uploads\/2024\/04\/IMG_6605-1-150x150.jpeg\" alt=\"\" class=\"wp-image-5392\" title=\"\" srcset=\"https:\/\/dajemo.com\/wp-content\/uploads\/2024\/04\/IMG_6605-1-150x150.jpeg 150w, https:\/\/dajemo.com\/wp-content\/uploads\/2024\/04\/IMG_6605-1-80x80.jpeg 80w, https:\/\/dajemo.com\/wp-content\/uploads\/2024\/04\/IMG_6605-1-320x320.jpeg 320w, https:\/\/dajemo.com\/wp-content\/uploads\/2024\/04\/IMG_6605-1-300x300.jpeg 300w, https:\/\/dajemo.com\/wp-content\/uploads\/2024\/04\/IMG_6605-1-100x100.jpeg 100w\" sizes=\"auto, (max-width: 150px) 100vw, 150px\" \/><\/figure>\n<\/div>\n\n\n<p>&lt;&lt;La Ternana arriva arrabbiata e con tanta voglia di far bene>>. Comincia cos\u00ec la conferenza stampa pre partita di mister Roberto Breda, che anticipa la gara di domani 5 aprile contro il Modena. &lt;&lt;Abbiamo la consapevolezza che i dettagli possono fare la differenza, a Genova abbiamo giocato bene ottanta minuti, gettando via la partita negli ultimi dieci. Dobbiamo essere bravi a non ripetere di nuovo gli stessi errori. Il Modena \u00e8 stato costruito per obiettivi importanti, stanno faticando negli ultimi mesi ma sono forti. Per noi sar\u00e0 importante fare punti, accorciando la classifica anche sui canarini se chi trovano in una zona pi\u00f9 tranquilla>>. In merito alle nuove soluzioni difensive, a causa dell\u2019infortunio di Sgarbi, non ha escluso un inserimento di Boloca al posto di Sorensen o una difesa a tre mancini, restando convinto del fatto  per\u00f2 che il danese sia un ottimo elemento avendo gi\u00e0 ricoperto quel ruolo in passato.<\/p>\n\n\n\n<p>Per quanto riguarda invece la situazione infermeria, Pyyhtia si \u00e8 allenato con il gruppo mentre restano indisponibili N\u2019Guessan, Sgarbi, Viviani e Zuberek.\u00a0<\/p>\n","protected":false},"excerpt":{"rendered":"<p>&lt;&lt;La Ternana arriva arrabbiata e con tanta voglia di far bene>>. Comincia cos\u00ec la conferenza stampa pre partita di mister Roberto Breda, che anticipa la gara di domani 5 aprile contro il Modena. &lt;&lt;Abbiamo&#46;&#46;&#46;<\/p>\n","protected":false},"author":4,"featured_media":5392,"comment_status":"open","ping_status":"open","sticky":false,"template":"","format":"standard","meta":{"_eb_attr":"","pgc_sgb_lightbox_settings":"","footnotes":""},"categories":[85,63],"tags":[141,144,95,64],"class_list":["post-5390","post","type-post","status-publish","format-standard","has-post-thumbnail","hentry","category-news","category-blog","tag-breda","tag-modena","tag-serieb","tag-ternana"],"_links":{"self":[{"href":"https:\/\/dajemo.com\/index.php?rest_route=\/wp\/v2\/posts\/5390","targetHints":{"allow":["GET"]}}],"collection":[{"href":"https:\/\/dajemo.com\/index.php?rest_route=\/wp\/v2\/posts"}],"about":[{"href":"https:\/\/dajemo.com\/index.php?rest_route=\/wp\/v2\/types\/post"}],"author":[{"embeddable":true,"href":"https:\/\/dajemo.com\/index.php?rest_route=\/wp\/v2\/users\/4"}],"replies":[{"embeddable":true,"href":"https:\/\/dajemo.com\/index.php?rest_route=%2Fwp%2Fv2%2Fcomments&post=5390"}],"version-history":[{"count":1,"href":"https:\/\/dajemo.com\/index.php?rest_route=\/wp\/v2\/posts\/5390\/revisions"}],"predecessor-version":[{"id":5393,"href":"https:\/\/dajemo.com\/index.php?rest_route=\/wp\/v2\/posts\/5390\/revisions\/5393"}],"wp:featuredmedia":[{"embeddable":true,"href":"https:\/\/dajemo.com\/index.php?rest_route=\/wp\/v2\/media\/5392"}],"wp:attachment":[{"href":"https:\/\/dajemo.com\/index.php?rest_route=%2Fwp%2Fv2%2Fmedia&parent=5390"}],"wp:term":[{"taxonomy":"category","embeddable":true,"href":"https:\/\/dajemo.com\/index.php?rest_route=%2Fwp%2Fv2%2Fcategories&post=5390"},{"taxonomy":"post_tag","embeddable":true,"href":"https:\/\/dajemo.com\/index.php?rest_route=%2Fwp%2Fv2%2Ftags&post=5390"}],"curies":[{"name":"wp","href":"https:\/\/api.w.org\/{rel}","templated":true}]}}