{"id":5394,"date":"2024-04-05T13:25:31","date_gmt":"2024-04-05T13:25:31","guid":{"rendered":"https:\/\/dajemo.com\/?p=5394"},"modified":"2024-04-05T13:25:33","modified_gmt":"2024-04-05T13:25:33","slug":"i-24-convocati-rossoverdi","status":"publish","type":"post","link":"https:\/\/dajemo.com\/?p=5394","title":{"rendered":"I 24 convocati rossoverdi"},"content":{"rendered":"<div class=\"wp-block-image\">\n<figure class=\"alignleft size-thumbnail\"><img loading=\"lazy\" decoding=\"async\" width=\"150\" height=\"150\" src=\"https:\/\/dajemo.com\/wp-content\/uploads\/2024\/04\/IMG_6602-150x150.jpeg\" alt=\"\" class=\"wp-image-5395\" title=\"\" srcset=\"https:\/\/dajemo.com\/wp-content\/uploads\/2024\/04\/IMG_6602-150x150.jpeg 150w, https:\/\/dajemo.com\/wp-content\/uploads\/2024\/04\/IMG_6602-80x80.jpeg 80w, https:\/\/dajemo.com\/wp-content\/uploads\/2024\/04\/IMG_6602-320x320.jpeg 320w, https:\/\/dajemo.com\/wp-content\/uploads\/2024\/04\/IMG_6602-300x300.jpeg 300w, https:\/\/dajemo.com\/wp-content\/uploads\/2024\/04\/IMG_6602-100x100.jpeg 100w\" sizes=\"auto, (max-width: 150px) 100vw, 150px\" \/><\/figure>\n<\/div>\n\n\n<p>Di seguito l\u2019elenco dei convocati per la partita di domani 5 aprile contro il Modena:<\/p>\n\n\n\n<p><strong>Portieri:<\/strong>&nbsp;Franchi, Iannarilli, Vitali<\/p>\n\n\n\n<p><strong>Difensori:<\/strong>&nbsp;Boloca, Capuano, Carboni, Casasola, Dalle Mura, Lucchesi, S\u00f8rensen, Zoia<\/p>\n\n\n\n<p><strong>Centrocampisti:<\/strong>&nbsp;Amatucci, De Boer, Faticanti, Favasuli, \u0141abojko, Luperini, M\u0103rginean, Pyyhti\u00e4<\/p>\n\n\n\n<p><strong>Attaccanti:<\/strong>\u00a0Dionisi, Distefano, Favilli, Pereiro, Raimondo<\/p>\n\n\n\n<p><strong>Indisponibili<\/strong>: N\u2019Guessan, Zuberek, Viviani, Sgarbi<\/p>\n\n\n\n<p><\/p>\n","protected":false},"excerpt":{"rendered":"<p>Di seguito l\u2019elenco dei convocati per la partita di domani 5 aprile contro il Modena: Portieri:&nbsp;Franchi, Iannarilli, Vitali Difensori:&nbsp;Boloca, Capuano, Carboni, Casasola, Dalle Mura, Lucchesi, S\u00f8rensen, Zoia Centrocampisti:&nbsp;Amatucci, De Boer, Faticanti, Favasuli, \u0141abojko, Luperini,&#46;&#46;&#46;<\/p>\n","protected":false},"author":4,"featured_media":5395,"comment_status":"open","ping_status":"open","sticky":false,"template":"","format":"standard","meta":{"_eb_attr":"","pgc_sgb_lightbox_settings":"","footnotes":""},"categories":[63,85],"tags":[141,146,95,64],"class_list":["post-5394","post","type-post","status-publish","format-standard","has-post-thumbnail","hentry","category-blog","category-news","tag-breda","tag-convocati","tag-serieb","tag-ternana"],"_links":{"self":[{"href":"https:\/\/dajemo.com\/index.php?rest_route=\/wp\/v2\/posts\/5394","targetHints":{"allow":["GET"]}}],"collection":[{"href":"https:\/\/dajemo.com\/index.php?rest_route=\/wp\/v2\/posts"}],"about":[{"href":"https:\/\/dajemo.com\/index.php?rest_route=\/wp\/v2\/types\/post"}],"author":[{"embeddable":true,"href":"https:\/\/dajemo.com\/index.php?rest_route=\/wp\/v2\/users\/4"}],"replies":[{"embeddable":true,"href":"https:\/\/dajemo.com\/index.php?rest_route=%2Fwp%2Fv2%2Fcomments&post=5394"}],"version-history":[{"count":1,"href":"https:\/\/dajemo.com\/index.php?rest_route=\/wp\/v2\/posts\/5394\/revisions"}],"predecessor-version":[{"id":5396,"href":"https:\/\/dajemo.com\/index.php?rest_route=\/wp\/v2\/posts\/5394\/revisions\/5396"}],"wp:featuredmedia":[{"embeddable":true,"href":"https:\/\/dajemo.com\/index.php?rest_route=\/wp\/v2\/media\/5395"}],"wp:attachment":[{"href":"https:\/\/dajemo.com\/index.php?rest_route=%2Fwp%2Fv2%2Fmedia&parent=5394"}],"wp:term":[{"taxonomy":"category","embeddable":true,"href":"https:\/\/dajemo.com\/index.php?rest_route=%2Fwp%2Fv2%2Fcategories&post=5394"},{"taxonomy":"post_tag","embeddable":true,"href":"https:\/\/dajemo.com\/index.php?rest_route=%2Fwp%2Fv2%2Ftags&post=5394"}],"curies":[{"name":"wp","href":"https:\/\/api.w.org\/{rel}","templated":true}]}}