{"id":5469,"date":"2024-04-10T07:58:14","date_gmt":"2024-04-10T07:58:14","guid":{"rendered":"https:\/\/dajemo.com\/?p=5469"},"modified":"2024-04-10T07:58:16","modified_gmt":"2024-04-10T07:58:16","slug":"ternana-si-allunga-la-lista-dei-diffidati","status":"publish","type":"post","link":"https:\/\/dajemo.com\/?p=5469","title":{"rendered":"Ternana, si allunga la lista dei diffidati"},"content":{"rendered":"<div class=\"wp-block-image\">\n<figure class=\"alignleft size-thumbnail\"><img loading=\"lazy\" decoding=\"async\" width=\"150\" height=\"150\" src=\"https:\/\/dajemo.com\/wp-content\/uploads\/2024\/04\/37f602a9-ea02-4e7d-912f-4d903812a636-150x150.jpeg\" alt=\"\" class=\"wp-image-5470\" title=\"\" srcset=\"https:\/\/dajemo.com\/wp-content\/uploads\/2024\/04\/37f602a9-ea02-4e7d-912f-4d903812a636-150x150.jpeg 150w, https:\/\/dajemo.com\/wp-content\/uploads\/2024\/04\/37f602a9-ea02-4e7d-912f-4d903812a636-80x80.jpeg 80w, https:\/\/dajemo.com\/wp-content\/uploads\/2024\/04\/37f602a9-ea02-4e7d-912f-4d903812a636-320x320.jpeg 320w, https:\/\/dajemo.com\/wp-content\/uploads\/2024\/04\/37f602a9-ea02-4e7d-912f-4d903812a636-300x300.jpeg 300w, https:\/\/dajemo.com\/wp-content\/uploads\/2024\/04\/37f602a9-ea02-4e7d-912f-4d903812a636-100x100.jpeg 100w\" sizes=\"auto, (max-width: 150px) 100vw, 150px\" \/><\/figure>\n<\/div>\n\n\n<p>Entra nella lista dei diffidati un nuovo calciatore rossoverde, che si va ad aggiungere all\u2019elenco gi\u00e0 composto da Iannarilli, Raimondo e Labojko. A seguito dell\u2019 ammonizione rimediata contro il Modena, \u00e8 arrivato il responso del giudice sportivo, per cui anche Carboni \u00e8 giunto a quattro ammonizioni stagionali e per lui scatta la diffida, per cui al prossimo cartellino giallo dovr\u00e0 scontare un turno di squalifica.\u00a0<\/p>\n","protected":false},"excerpt":{"rendered":"<p>Entra nella lista dei diffidati un nuovo calciatore rossoverde, che si va ad aggiungere all\u2019elenco gi\u00e0 composto da Iannarilli, Raimondo e Labojko. A seguito dell\u2019 ammonizione rimediata contro il Modena, \u00e8 arrivato il responso&#46;&#46;&#46;<\/p>\n","protected":false},"author":4,"featured_media":5470,"comment_status":"open","ping_status":"open","sticky":false,"template":"","format":"standard","meta":{"_eb_attr":"","pgc_sgb_lightbox_settings":"","footnotes":""},"categories":[63,85],"tags":[155,156],"class_list":["post-5469","post","type-post","status-publish","format-standard","has-post-thumbnail","hentry","category-blog","category-news","tag-carboni","tag-diffida"],"_links":{"self":[{"href":"https:\/\/dajemo.com\/index.php?rest_route=\/wp\/v2\/posts\/5469","targetHints":{"allow":["GET"]}}],"collection":[{"href":"https:\/\/dajemo.com\/index.php?rest_route=\/wp\/v2\/posts"}],"about":[{"href":"https:\/\/dajemo.com\/index.php?rest_route=\/wp\/v2\/types\/post"}],"author":[{"embeddable":true,"href":"https:\/\/dajemo.com\/index.php?rest_route=\/wp\/v2\/users\/4"}],"replies":[{"embeddable":true,"href":"https:\/\/dajemo.com\/index.php?rest_route=%2Fwp%2Fv2%2Fcomments&post=5469"}],"version-history":[{"count":1,"href":"https:\/\/dajemo.com\/index.php?rest_route=\/wp\/v2\/posts\/5469\/revisions"}],"predecessor-version":[{"id":5471,"href":"https:\/\/dajemo.com\/index.php?rest_route=\/wp\/v2\/posts\/5469\/revisions\/5471"}],"wp:featuredmedia":[{"embeddable":true,"href":"https:\/\/dajemo.com\/index.php?rest_route=\/wp\/v2\/media\/5470"}],"wp:attachment":[{"href":"https:\/\/dajemo.com\/index.php?rest_route=%2Fwp%2Fv2%2Fmedia&parent=5469"}],"wp:term":[{"taxonomy":"category","embeddable":true,"href":"https:\/\/dajemo.com\/index.php?rest_route=%2Fwp%2Fv2%2Fcategories&post=5469"},{"taxonomy":"post_tag","embeddable":true,"href":"https:\/\/dajemo.com\/index.php?rest_route=%2Fwp%2Fv2%2Ftags&post=5469"}],"curies":[{"name":"wp","href":"https:\/\/api.w.org\/{rel}","templated":true}]}}