{"id":5563,"date":"2024-04-26T12:47:42","date_gmt":"2024-04-26T12:47:42","guid":{"rendered":"https:\/\/dajemo.com\/?p=5563"},"modified":"2024-04-26T15:20:28","modified_gmt":"2024-04-26T15:20:28","slug":"i-23-convocati-per-lascoli","status":"publish","type":"post","link":"https:\/\/dajemo.com\/?p=5563","title":{"rendered":"I 24 convocati per l\u2019Ascoli"},"content":{"rendered":"<div class=\"wp-block-image\">\n<figure class=\"alignleft size-large\"><img loading=\"lazy\" decoding=\"async\" width=\"1024\" height=\"768\" src=\"https:\/\/dajemo.com\/wp-content\/uploads\/2024\/04\/IMG_7023-1024x768.jpeg\" alt=\"\" class=\"wp-image-5564\" title=\"\" srcset=\"https:\/\/dajemo.com\/wp-content\/uploads\/2024\/04\/IMG_7023-1024x768.jpeg 1024w, https:\/\/dajemo.com\/wp-content\/uploads\/2024\/04\/IMG_7023-300x225.jpeg 300w, https:\/\/dajemo.com\/wp-content\/uploads\/2024\/04\/IMG_7023-768x576.jpeg 768w, https:\/\/dajemo.com\/wp-content\/uploads\/2024\/04\/IMG_7023-1536x1152.jpeg 1536w, https:\/\/dajemo.com\/wp-content\/uploads\/2024\/04\/IMG_7023-2048x1536.jpeg 2048w, https:\/\/dajemo.com\/wp-content\/uploads\/2024\/04\/IMG_7023-600x450.jpeg 600w\" sizes=\"auto, (max-width: 1024px) 100vw, 1024px\" \/><\/figure>\n<\/div>\n\n\n\n\n<p>Di seguito i 24 convocati per la sfida di domani 27 aprile contro l\u2019Ascoli:\u00a0<\/p>\n\n\n\n<p>Portieri: Franchi, Novelli, Vitali<\/p>\n\n\n\n<p>Difensori: Boloca, Carboni, Casasola, Dalle Mura, Lucchesi, S\u00f8rensen, Zoia<\/p>\n\n\n\n<p>Centrocampisti: Amatucci, De Boer, Faticanti, Favasuli, \u0141abojko, Luperini, M\u0103rginean, Pyyhti\u00e4, Viviani<\/p>\n\n\n\n<p>Attaccanti: Dionisi, Distefano, Favilli, Pereiro, Raimondo<\/p>\n\n\n\n<p>Indisponibili: Iannarilli, Capuano, N\u2019Guessan, Sgarbi e \u017buberek<\/p>\n","protected":false},"excerpt":{"rendered":"<p>Di seguito i 24 convocati per la sfida di domani 27 aprile contro l\u2019Ascoli:\u00a0 Portieri: Franchi, Novelli, Vitali Difensori: Boloca, Carboni, Casasola, Dalle Mura, Lucchesi, S\u00f8rensen, Zoia Centrocampisti: Amatucci, De Boer, Faticanti, Favasuli, \u0141abojko,&#46;&#46;&#46;<\/p>\n","protected":false},"author":4,"featured_media":5564,"comment_status":"open","ping_status":"open","sticky":false,"template":"","format":"standard","meta":{"_eb_attr":"","pgc_sgb_lightbox_settings":"","footnotes":""},"categories":[63,85],"tags":[141,146,64],"class_list":["post-5563","post","type-post","status-publish","format-standard","has-post-thumbnail","hentry","category-blog","category-news","tag-breda","tag-convocati","tag-ternana"],"_links":{"self":[{"href":"https:\/\/dajemo.com\/index.php?rest_route=\/wp\/v2\/posts\/5563","targetHints":{"allow":["GET"]}}],"collection":[{"href":"https:\/\/dajemo.com\/index.php?rest_route=\/wp\/v2\/posts"}],"about":[{"href":"https:\/\/dajemo.com\/index.php?rest_route=\/wp\/v2\/types\/post"}],"author":[{"embeddable":true,"href":"https:\/\/dajemo.com\/index.php?rest_route=\/wp\/v2\/users\/4"}],"replies":[{"embeddable":true,"href":"https:\/\/dajemo.com\/index.php?rest_route=%2Fwp%2Fv2%2Fcomments&post=5563"}],"version-history":[{"count":2,"href":"https:\/\/dajemo.com\/index.php?rest_route=\/wp\/v2\/posts\/5563\/revisions"}],"predecessor-version":[{"id":5566,"href":"https:\/\/dajemo.com\/index.php?rest_route=\/wp\/v2\/posts\/5563\/revisions\/5566"}],"wp:featuredmedia":[{"embeddable":true,"href":"https:\/\/dajemo.com\/index.php?rest_route=\/wp\/v2\/media\/5564"}],"wp:attachment":[{"href":"https:\/\/dajemo.com\/index.php?rest_route=%2Fwp%2Fv2%2Fmedia&parent=5563"}],"wp:term":[{"taxonomy":"category","embeddable":true,"href":"https:\/\/dajemo.com\/index.php?rest_route=%2Fwp%2Fv2%2Fcategories&post=5563"},{"taxonomy":"post_tag","embeddable":true,"href":"https:\/\/dajemo.com\/index.php?rest_route=%2Fwp%2Fv2%2Ftags&post=5563"}],"curies":[{"name":"wp","href":"https:\/\/api.w.org\/{rel}","templated":true}]}}