{"id":5625,"date":"2024-04-30T13:51:13","date_gmt":"2024-04-30T13:51:13","guid":{"rendered":"https:\/\/dajemo.com\/?p=5625"},"modified":"2024-04-30T13:51:15","modified_gmt":"2024-04-30T13:51:15","slug":"23-convocati-di-breda-assenti-pyyhtia-e-favilli","status":"publish","type":"post","link":"https:\/\/dajemo.com\/?p=5625","title":{"rendered":"23 convocati di Breda: assenti Pyyhtia e Favilli"},"content":{"rendered":"<div class=\"wp-block-image\">\n<figure class=\"alignleft size-thumbnail\"><img loading=\"lazy\" decoding=\"async\" width=\"150\" height=\"150\" src=\"https:\/\/dajemo.com\/wp-content\/uploads\/2024\/04\/c99a3cbd-343d-4811-9d07-5c1d2ce19daf-150x150.jpeg\" alt=\"\" class=\"wp-image-5626\" title=\"\" srcset=\"https:\/\/dajemo.com\/wp-content\/uploads\/2024\/04\/c99a3cbd-343d-4811-9d07-5c1d2ce19daf-150x150.jpeg 150w, https:\/\/dajemo.com\/wp-content\/uploads\/2024\/04\/c99a3cbd-343d-4811-9d07-5c1d2ce19daf-80x80.jpeg 80w, https:\/\/dajemo.com\/wp-content\/uploads\/2024\/04\/c99a3cbd-343d-4811-9d07-5c1d2ce19daf-320x320.jpeg 320w, https:\/\/dajemo.com\/wp-content\/uploads\/2024\/04\/c99a3cbd-343d-4811-9d07-5c1d2ce19daf-300x300.jpeg 300w, https:\/\/dajemo.com\/wp-content\/uploads\/2024\/04\/c99a3cbd-343d-4811-9d07-5c1d2ce19daf-100x100.jpeg 100w\" sizes=\"auto, (max-width: 150px) 100vw, 150px\" \/><\/figure>\n<\/div>\n\n\n<p>Di seguito la lista dei 23 convocati di Roberto Breda per la sfida di domani 1 maggio contro il S\u00fcdtirol:<\/p>\n\n\n\n<p>Portieri: Franchi, Novelli, Vitali<\/p>\n\n\n\n<p>Difensori: Boloca, Bonugli, Carboni, Casasola, Dalle Mura, Lucchesi, S\u00f8rensen, Zoia<\/p>\n\n\n\n<p>Centrocampisti: Amatucci, De Boer, Faticanti, Favasuli, Ferrara, \u0141abojko, Luperini, Viviani<\/p>\n\n\n\n<p>Attaccanti: Dionisi, Distefano, Pereiro, Raimondo<\/p>\n\n\n\n<p>Indisponibili: Iannarilli, Capuano, N\u2019Guessan, Sgarbi, M\u0103rginean, Pyyhti\u00e4, Favilli e \u017buberek<\/p>\n","protected":false},"excerpt":{"rendered":"<p>Di seguito la lista dei 23 convocati di Roberto Breda per la sfida di domani 1 maggio contro il S\u00fcdtirol: Portieri: Franchi, Novelli, Vitali Difensori: Boloca, Bonugli, Carboni, Casasola, Dalle Mura, Lucchesi, S\u00f8rensen, Zoia&#46;&#46;&#46;<\/p>\n","protected":false},"author":4,"featured_media":5626,"comment_status":"open","ping_status":"open","sticky":false,"template":"","format":"standard","meta":{"_eb_attr":"","pgc_sgb_lightbox_settings":"","footnotes":""},"categories":[63,85],"tags":[180,64],"class_list":["post-5625","post","type-post","status-publish","format-standard","has-post-thumbnail","hentry","category-blog","category-news","tag-sudtirol","tag-ternana"],"_links":{"self":[{"href":"https:\/\/dajemo.com\/index.php?rest_route=\/wp\/v2\/posts\/5625","targetHints":{"allow":["GET"]}}],"collection":[{"href":"https:\/\/dajemo.com\/index.php?rest_route=\/wp\/v2\/posts"}],"about":[{"href":"https:\/\/dajemo.com\/index.php?rest_route=\/wp\/v2\/types\/post"}],"author":[{"embeddable":true,"href":"https:\/\/dajemo.com\/index.php?rest_route=\/wp\/v2\/users\/4"}],"replies":[{"embeddable":true,"href":"https:\/\/dajemo.com\/index.php?rest_route=%2Fwp%2Fv2%2Fcomments&post=5625"}],"version-history":[{"count":1,"href":"https:\/\/dajemo.com\/index.php?rest_route=\/wp\/v2\/posts\/5625\/revisions"}],"predecessor-version":[{"id":5627,"href":"https:\/\/dajemo.com\/index.php?rest_route=\/wp\/v2\/posts\/5625\/revisions\/5627"}],"wp:featuredmedia":[{"embeddable":true,"href":"https:\/\/dajemo.com\/index.php?rest_route=\/wp\/v2\/media\/5626"}],"wp:attachment":[{"href":"https:\/\/dajemo.com\/index.php?rest_route=%2Fwp%2Fv2%2Fmedia&parent=5625"}],"wp:term":[{"taxonomy":"category","embeddable":true,"href":"https:\/\/dajemo.com\/index.php?rest_route=%2Fwp%2Fv2%2Fcategories&post=5625"},{"taxonomy":"post_tag","embeddable":true,"href":"https:\/\/dajemo.com\/index.php?rest_route=%2Fwp%2Fv2%2Ftags&post=5625"}],"curies":[{"name":"wp","href":"https:\/\/api.w.org\/{rel}","templated":true}]}}