{"id":5704,"date":"2024-05-09T14:19:28","date_gmt":"2024-05-09T14:19:28","guid":{"rendered":"https:\/\/dajemo.com\/?p=5704"},"modified":"2024-05-09T14:19:30","modified_gmt":"2024-05-09T14:19:30","slug":"i-22-convocati-di-breda","status":"publish","type":"post","link":"https:\/\/dajemo.com\/?p=5704","title":{"rendered":"I 22 convocati di Breda"},"content":{"rendered":"<div class=\"wp-block-image\">\n<figure class=\"alignleft size-thumbnail\"><img loading=\"lazy\" decoding=\"async\" width=\"150\" height=\"150\" src=\"https:\/\/dajemo.com\/wp-content\/uploads\/2024\/05\/44fa58c2-0e7a-4db4-a5e5-c941eb54ece6-150x150.jpeg\" alt=\"\" class=\"wp-image-5705\" title=\"\" srcset=\"https:\/\/dajemo.com\/wp-content\/uploads\/2024\/05\/44fa58c2-0e7a-4db4-a5e5-c941eb54ece6-150x150.jpeg 150w, https:\/\/dajemo.com\/wp-content\/uploads\/2024\/05\/44fa58c2-0e7a-4db4-a5e5-c941eb54ece6-80x80.jpeg 80w, https:\/\/dajemo.com\/wp-content\/uploads\/2024\/05\/44fa58c2-0e7a-4db4-a5e5-c941eb54ece6-320x320.jpeg 320w, https:\/\/dajemo.com\/wp-content\/uploads\/2024\/05\/44fa58c2-0e7a-4db4-a5e5-c941eb54ece6-300x300.jpeg 300w, https:\/\/dajemo.com\/wp-content\/uploads\/2024\/05\/44fa58c2-0e7a-4db4-a5e5-c941eb54ece6-100x100.jpeg 100w\" sizes=\"auto, (max-width: 150px) 100vw, 150px\" \/><\/figure>\n<\/div>\n\n\n<p>Di seguito la lista dei 22 convocati di Roberto Breda per la sfida di domani 10 maggio contro la FeralpiSal\u00f3:<\/p>\n\n\n\n<p>Portieri: Iannarilli, Franchi, Vitali<\/p>\n\n\n\n<p>Difensori: N\u2019Guessan, Carboni, Boloca, Dalle Mura, Lucchesi, S\u00f8rensen, Zoia, Bonugli<\/p>\n\n\n\n<p>Centrocampisti: Amatucci, De Boer, Faticanti, Favasuli, Ferrara, Luperini, Viviani<\/p>\n\n\n\n<p>Attaccanti: Dionisi, Distefano, Pereiro, Raimondo<\/p>\n\n\n\n<p>Indisponibili: Capuano, Sgarbi, M\u0103rginean, Pyyhti\u00e4, Labojko, Favilli e \u017buberek<\/p>\n","protected":false},"excerpt":{"rendered":"<p>Di seguito la lista dei 22 convocati di Roberto Breda per la sfida di domani 10 maggio contro la FeralpiSal\u00f3: Portieri: Iannarilli, Franchi, Vitali Difensori: N\u2019Guessan, Carboni, Boloca, Dalle Mura, Lucchesi, S\u00f8rensen, Zoia, Bonugli&#46;&#46;&#46;<\/p>\n","protected":false},"author":4,"featured_media":5705,"comment_status":"open","ping_status":"open","sticky":false,"template":"","format":"standard","meta":{"_eb_attr":"","pgc_sgb_lightbox_settings":"","footnotes":""},"categories":[63,85],"tags":[141,68,95,64],"class_list":["post-5704","post","type-post","status-publish","format-standard","has-post-thumbnail","hentry","category-blog","category-news","tag-breda","tag-calcio","tag-serieb","tag-ternana"],"_links":{"self":[{"href":"https:\/\/dajemo.com\/index.php?rest_route=\/wp\/v2\/posts\/5704","targetHints":{"allow":["GET"]}}],"collection":[{"href":"https:\/\/dajemo.com\/index.php?rest_route=\/wp\/v2\/posts"}],"about":[{"href":"https:\/\/dajemo.com\/index.php?rest_route=\/wp\/v2\/types\/post"}],"author":[{"embeddable":true,"href":"https:\/\/dajemo.com\/index.php?rest_route=\/wp\/v2\/users\/4"}],"replies":[{"embeddable":true,"href":"https:\/\/dajemo.com\/index.php?rest_route=%2Fwp%2Fv2%2Fcomments&post=5704"}],"version-history":[{"count":1,"href":"https:\/\/dajemo.com\/index.php?rest_route=\/wp\/v2\/posts\/5704\/revisions"}],"predecessor-version":[{"id":5706,"href":"https:\/\/dajemo.com\/index.php?rest_route=\/wp\/v2\/posts\/5704\/revisions\/5706"}],"wp:featuredmedia":[{"embeddable":true,"href":"https:\/\/dajemo.com\/index.php?rest_route=\/wp\/v2\/media\/5705"}],"wp:attachment":[{"href":"https:\/\/dajemo.com\/index.php?rest_route=%2Fwp%2Fv2%2Fmedia&parent=5704"}],"wp:term":[{"taxonomy":"category","embeddable":true,"href":"https:\/\/dajemo.com\/index.php?rest_route=%2Fwp%2Fv2%2Fcategories&post=5704"},{"taxonomy":"post_tag","embeddable":true,"href":"https:\/\/dajemo.com\/index.php?rest_route=%2Fwp%2Fv2%2Ftags&post=5704"}],"curies":[{"name":"wp","href":"https:\/\/api.w.org\/{rel}","templated":true}]}}