{"id":5790,"date":"2024-05-22T15:28:54","date_gmt":"2024-05-22T15:28:54","guid":{"rendered":"https:\/\/dajemo.com\/?p=5790"},"modified":"2024-05-22T17:05:58","modified_gmt":"2024-05-22T17:05:58","slug":"i-23-convocati-di-breda","status":"publish","type":"post","link":"https:\/\/dajemo.com\/?p=5790","title":{"rendered":"I 23 convocati di Breda"},"content":{"rendered":"<div class=\"wp-block-image\">\n<figure class=\"alignleft size-thumbnail\"><img loading=\"lazy\" decoding=\"async\" width=\"150\" height=\"150\" src=\"https:\/\/dajemo.com\/wp-content\/uploads\/2024\/05\/IMG_7593-150x150.jpeg\" alt=\"\" class=\"wp-image-5791\" title=\"\" srcset=\"https:\/\/dajemo.com\/wp-content\/uploads\/2024\/05\/IMG_7593-150x150.jpeg 150w, https:\/\/dajemo.com\/wp-content\/uploads\/2024\/05\/IMG_7593-80x80.jpeg 80w, https:\/\/dajemo.com\/wp-content\/uploads\/2024\/05\/IMG_7593-320x320.jpeg 320w, https:\/\/dajemo.com\/wp-content\/uploads\/2024\/05\/IMG_7593-300x300.jpeg 300w, https:\/\/dajemo.com\/wp-content\/uploads\/2024\/05\/IMG_7593-100x100.jpeg 100w\" sizes=\"auto, (max-width: 150px) 100vw, 150px\" \/><\/figure>\n<\/div>\n\n\n<p>Di seguito i 23 convocati di Breda per la partita di domani 23 maggio contro il Bari:<\/p>\n\n\n\n<p><strong>&nbsp;<\/strong>Portieri: Franchi, Iannarilli, Vitali<\/p>\n\n\n\n<p>Difensori: Bonugli, Carboni, Casasola, Dalle Mura, Lucchesi, N\u2019Guessan, S\u00f8rensen, Zoia<\/p>\n\n\n\n<p>Centrocampisti: Amatucci, De Boer, Faticanti, Favasuli, Ferrara, \u0141abojko, Luperini, Viviani<\/p>\n\n\n\n<p>Attaccanti: Dionisi, Distefano, Pereiro, Raimondo<\/p>\n\n\n\n<p><span style=\"white-space: normal; -webkit-tap-highlight-color: rgba(26, 26, 26, 0.3); caret-color: rgb(34, 34, 34); color: rgb(34, 34, 34); font-family: &quot;Open Sans&quot;; font-size: 15px; -webkit-text-size-adjust: 100%; background-color: rgb(255, 255, 255);\">\u00a0Indisponibili: Capuano, Boloca, Sgarbi, M\u0103rginean, Pyyhti\u00e4, Favilli e \u017buberek<\/span><\/p>\n","protected":false},"excerpt":{"rendered":"<p>Di seguito i 23 convocati di Breda per la partita di domani 23 maggio contro il Bari: &nbsp;Portieri: Franchi, Iannarilli, Vitali Difensori: Bonugli, Carboni, Casasola, Dalle Mura, Lucchesi, N\u2019Guessan, S\u00f8rensen, Zoia Centrocampisti: Amatucci, De&#46;&#46;&#46;<\/p>\n","protected":false},"author":4,"featured_media":5791,"comment_status":"open","ping_status":"open","sticky":false,"template":"","format":"standard","meta":{"_eb_attr":"","pgc_sgb_lightbox_settings":"","footnotes":""},"categories":[63,85],"tags":[141,95,64],"class_list":["post-5790","post","type-post","status-publish","format-standard","has-post-thumbnail","hentry","category-blog","category-news","tag-breda","tag-serieb","tag-ternana"],"_links":{"self":[{"href":"https:\/\/dajemo.com\/index.php?rest_route=\/wp\/v2\/posts\/5790","targetHints":{"allow":["GET"]}}],"collection":[{"href":"https:\/\/dajemo.com\/index.php?rest_route=\/wp\/v2\/posts"}],"about":[{"href":"https:\/\/dajemo.com\/index.php?rest_route=\/wp\/v2\/types\/post"}],"author":[{"embeddable":true,"href":"https:\/\/dajemo.com\/index.php?rest_route=\/wp\/v2\/users\/4"}],"replies":[{"embeddable":true,"href":"https:\/\/dajemo.com\/index.php?rest_route=%2Fwp%2Fv2%2Fcomments&post=5790"}],"version-history":[{"count":2,"href":"https:\/\/dajemo.com\/index.php?rest_route=\/wp\/v2\/posts\/5790\/revisions"}],"predecessor-version":[{"id":5793,"href":"https:\/\/dajemo.com\/index.php?rest_route=\/wp\/v2\/posts\/5790\/revisions\/5793"}],"wp:featuredmedia":[{"embeddable":true,"href":"https:\/\/dajemo.com\/index.php?rest_route=\/wp\/v2\/media\/5791"}],"wp:attachment":[{"href":"https:\/\/dajemo.com\/index.php?rest_route=%2Fwp%2Fv2%2Fmedia&parent=5790"}],"wp:term":[{"taxonomy":"category","embeddable":true,"href":"https:\/\/dajemo.com\/index.php?rest_route=%2Fwp%2Fv2%2Fcategories&post=5790"},{"taxonomy":"post_tag","embeddable":true,"href":"https:\/\/dajemo.com\/index.php?rest_route=%2Fwp%2Fv2%2Ftags&post=5790"}],"curies":[{"name":"wp","href":"https:\/\/api.w.org\/{rel}","templated":true}]}}