{"id":5975,"date":"2024-06-21T12:00:03","date_gmt":"2024-06-21T11:00:03","guid":{"rendered":"https:\/\/dajemo.com\/?p=5975"},"modified":"2024-06-21T12:02:12","modified_gmt":"2024-06-21T11:02:12","slug":"che-la-nuova-stagione-abbia-inizio-le-parole-di-guida-abate-e-capozucca","status":"publish","type":"post","link":"https:\/\/dajemo.com\/?p=5975","title":{"rendered":"Che la nuova stagione abbia inizio, le parole di Guida, Abate e Capozucca"},"content":{"rendered":"<div class=\"wp-block-image\">\n<figure class=\"alignleft size-thumbnail\"><img loading=\"lazy\" decoding=\"async\" width=\"150\" height=\"150\" src=\"https:\/\/dajemo.com\/wp-content\/uploads\/2024\/06\/image_50438145-150x150.jpg\" alt=\"\" class=\"wp-image-5977\" title=\"\" srcset=\"https:\/\/dajemo.com\/wp-content\/uploads\/2024\/06\/image_50438145-150x150.jpg 150w, https:\/\/dajemo.com\/wp-content\/uploads\/2024\/06\/image_50438145-80x80.jpg 80w, https:\/\/dajemo.com\/wp-content\/uploads\/2024\/06\/image_50438145-320x320.jpg 320w, https:\/\/dajemo.com\/wp-content\/uploads\/2024\/06\/image_50438145-300x300.jpg 300w, https:\/\/dajemo.com\/wp-content\/uploads\/2024\/06\/image_50438145-100x100.jpg 100w\" sizes=\"auto, (max-width: 150px) 100vw, 150px\" \/><\/figure>\n<\/div>\n\n\n<p>Pronti via, \u00e8 ufficialmente iniziata la stagione 2024\/25 della Ternana Calcio. In occasione della conferenza stampa di oggi 21 giugno, il presidente Nicola Guida ha illustrato insieme al Ds Stefano Capozucca la linea che intraprenderanno i rossoverdi nel corso della stagione. Il tutto condito con una sorpresa, quella della presentazione ufficiale del nuovo mister Ignazio Abate. Il presidente \u00e8 entusiasta per il mister e come obiettivo ha quello di tornare in Serie B nel minor tempo possibile. La squadra sar\u00e0 un mix tra giovani ed esperienza: &lt;&lt;Mi aspetto dei ragazzi che onorino la maglia &#8211; afferma Guida &#8211; la rosa sar\u00e0 sicuramente competitiva, alcuni ragazzi della scorsa stagione resteranno, altri rientreranno dal prestito e giocheranno con noi>>. Riguardo a delle possibili manifestazioni di interesse da parte di fondi di investimento non ha smentito, anzi ha confermato la disponibilit\u00e0 a cercare dei partner che aiuteranno la societ\u00e0 nella realizzazione dello stadio, i cui lavori cominceranno in questa stagione e le cui documentazioni saranno consegnate al comune nel corso della prossima settimana. Infine ha aperto ad una possibile sponsorizzazione da parte del sindaco di Terni, nonch\u00e9 ex presidente della Ternana, Stefano Bandecchi. Anche il direttore sportivo sembra eccitato per la stagione che sta iniziando, sottolineando come la priorit\u00e0 sar\u00e0 portare entusiasmo in una piazza &#8220;depressa&#8221; dalla retrocessione. Il nuovo tecnico, convinto e carico della nuova esperienza, \u00e8 un profilo giovane ma dalle grandi potenzialit\u00e0. &lt;&lt;Ringrazio il presidente e il direttore, che \u00e8 stato un fattore determinante per la mia firma con la Ternana -esordisce Abate- Terni \u00e8 una piazza calorosa, prestigiosa ed esigente, mi ha convinto il blasone della societ\u00e0 oltre alle parole di Capozucca. Dopo l&#8217;esperienza al Milan non poteva che capitarmi un&#8217;esperienza come questa, non sono qui per fare curriculum ma per disputare una stagione importante. Dobbiamo essere bravi a togliere le insidie che si creano nello spogliatoio dopo una retrocessione>>. Alla domanda relativa al possibile modulo di gioco ha risposto:&lt;&lt;Il calcio \u00e8 fatto di principi, voglio una squadra aggressiva e protagonista, che non subisca la partita>>. Insieme ad Abate completer\u00e0 il roster il match analyst della scorsa stagione Ivan Manfredi, il vice allenatore Cesare Beggi, il preparatore atletico Alessandro Micheli e l&#8217;allenatore dei portieri Massimo Di Pasquale. Infine l&#8217;ultima sorpresa della giornata \u00e8 stato il ritorno da protagonista di Carlo Mammarella, che oltre a collaboratore della prima squadra, sar\u00e0 in prima linea per la ricostruzione della Primavera e il rafforzamento dell&#8217;U17.<\/p>\n\n\n\n<p>Fi.Ma.<\/p>\n","protected":false},"excerpt":{"rendered":"<p>Pronti via, \u00e8 ufficialmente iniziata la stagione 2024\/25 della Ternana Calcio. In occasione della conferenza stampa di oggi 21 giugno, il presidente Nicola Guida ha illustrato insieme al Ds Stefano Capozucca la linea che&#46;&#46;&#46;<\/p>\n","protected":false},"author":4,"featured_media":5977,"comment_status":"open","ping_status":"open","sticky":false,"template":"","format":"standard","meta":{"_eb_attr":"","pgc_sgb_lightbox_settings":"","footnotes":""},"categories":[63,85],"tags":[206,116,190,64],"class_list":["post-5975","post","type-post","status-publish","format-standard","has-post-thumbnail","hentry","category-blog","category-news","tag-abate","tag-bandecchi","tag-capozucca","tag-ternana"],"_links":{"self":[{"href":"https:\/\/dajemo.com\/index.php?rest_route=\/wp\/v2\/posts\/5975","targetHints":{"allow":["GET"]}}],"collection":[{"href":"https:\/\/dajemo.com\/index.php?rest_route=\/wp\/v2\/posts"}],"about":[{"href":"https:\/\/dajemo.com\/index.php?rest_route=\/wp\/v2\/types\/post"}],"author":[{"embeddable":true,"href":"https:\/\/dajemo.com\/index.php?rest_route=\/wp\/v2\/users\/4"}],"replies":[{"embeddable":true,"href":"https:\/\/dajemo.com\/index.php?rest_route=%2Fwp%2Fv2%2Fcomments&post=5975"}],"version-history":[{"count":3,"href":"https:\/\/dajemo.com\/index.php?rest_route=\/wp\/v2\/posts\/5975\/revisions"}],"predecessor-version":[{"id":5980,"href":"https:\/\/dajemo.com\/index.php?rest_route=\/wp\/v2\/posts\/5975\/revisions\/5980"}],"wp:featuredmedia":[{"embeddable":true,"href":"https:\/\/dajemo.com\/index.php?rest_route=\/wp\/v2\/media\/5977"}],"wp:attachment":[{"href":"https:\/\/dajemo.com\/index.php?rest_route=%2Fwp%2Fv2%2Fmedia&parent=5975"}],"wp:term":[{"taxonomy":"category","embeddable":true,"href":"https:\/\/dajemo.com\/index.php?rest_route=%2Fwp%2Fv2%2Fcategories&post=5975"},{"taxonomy":"post_tag","embeddable":true,"href":"https:\/\/dajemo.com\/index.php?rest_route=%2Fwp%2Fv2%2Ftags&post=5975"}],"curies":[{"name":"wp","href":"https:\/\/api.w.org\/{rel}","templated":true}]}}