{"id":5984,"date":"2024-06-24T13:43:24","date_gmt":"2024-06-24T12:43:24","guid":{"rendered":"https:\/\/dajemo.com\/?p=5984"},"modified":"2024-06-24T13:43:26","modified_gmt":"2024-06-24T12:43:26","slug":"per-il-settore-giovanile-si-scommette-su-mammarella","status":"publish","type":"post","link":"https:\/\/dajemo.com\/?p=5984","title":{"rendered":"Per il settore giovanile si scommette su Mammarella"},"content":{"rendered":"<div class=\"wp-block-image\">\n<figure class=\"alignleft size-medium is-resized\"><img loading=\"lazy\" decoding=\"async\" width=\"199\" height=\"300\" src=\"https:\/\/dajemo.com\/wp-content\/uploads\/2022\/02\/IMGL6276-foto20A.Mirimao_0-199x300.jpg\" alt=\"\" class=\"wp-image-1945\" style=\"width:175px;height:auto\" title=\"\" srcset=\"https:\/\/dajemo.com\/wp-content\/uploads\/2022\/02\/IMGL6276-foto20A.Mirimao_0-199x300.jpg 199w, https:\/\/dajemo.com\/wp-content\/uploads\/2022\/02\/IMGL6276-foto20A.Mirimao_0-scaled-600x904.jpg 600w, https:\/\/dajemo.com\/wp-content\/uploads\/2022\/02\/IMGL6276-foto20A.Mirimao_0-679x1024.jpg 679w, https:\/\/dajemo.com\/wp-content\/uploads\/2022\/02\/IMGL6276-foto20A.Mirimao_0-768x1158.jpg 768w, https:\/\/dajemo.com\/wp-content\/uploads\/2022\/02\/IMGL6276-foto20A.Mirimao_0-1019x1536.jpg 1019w, https:\/\/dajemo.com\/wp-content\/uploads\/2022\/02\/IMGL6276-foto20A.Mirimao_0-1359x2048.jpg 1359w, https:\/\/dajemo.com\/wp-content\/uploads\/2022\/02\/IMGL6276-foto20A.Mirimao_0-scaled.jpg 1699w\" sizes=\"auto, (max-width: 199px) 100vw, 199px\" \/><\/figure>\n<\/div>\n\n\n<p>Una delle novit\u00e0 presentate la scorsa settima in conferenza stampa dal Ds Capozucca e il presidente Guida \u00e8 la gestione del settore giovanile, che assumer\u00e0 un ruolo fondamentale per il progresso della prima squadra. La direzione della rosa primavera e dell\u2019U-17 \u00e8 stata affidata all\u2019ex capitano Carlo Mammarella, protagonista sulla fascia sinistra della promozione in Serie B della Ternana dei record. Il suo compito sar\u00e0 quello di scovare talenti da portare a Terni. &lt;&lt;Nel settore giovanile c\u2019\u00e8 la voglia di fare qualcosa di importante con l\u2019obiettivo di portare qualche profilo in prima squadra \u2013 afferma Mammarella \u2013 siamo gi\u00e0 alla ricerca di ragazzi 2005 e 2006 che abbiano gli atteggiamenti e le caratteristiche giuste che richiede la societ\u00e0 \u2013 prosegue \u2013 saranno presi in base alla prima squadra, andando alla ricerca di un ruolo mancante o formando dei doppioni che possano avere la possibilit\u00e0 di allenarsi con la prima squadra durante la stagione>>. Stesso discorso vale per l\u2019U-17, squadra gi\u00e0 competitiva con dei profili importanti. Infine, l\u2019ultimo ruolo, ma non meno importante, che ricoprir\u00e0 \u201cCarletto\u201d sar\u00e0 collaborare con la prima squadra, in particolare intervenendo qualora ce ne fosse bisogno, aiutando nelle scelte mister Abate o intervenendo sullo spogliatoio. Una figura di spessore che alla Ternana mancava e che potrebbe permetterle di fare quel salto di qualit\u00e0 che cercava Guida, consentendo di usufruire di giovani low cost da utilizzare in prima squadra, valorizzare e poi vendere trovando una plus valenza.<\/p>\n\n\n\n<p>Fi.Ma.<\/p>\n","protected":false},"excerpt":{"rendered":"<p>Una delle novit\u00e0 presentate la scorsa settima in conferenza stampa dal Ds Capozucca e il presidente Guida \u00e8 la gestione del settore giovanile, che assumer\u00e0 un ruolo fondamentale per il progresso della prima squadra.&#46;&#46;&#46;<\/p>\n","protected":false},"author":4,"featured_media":1764,"comment_status":"open","ping_status":"open","sticky":false,"template":"","format":"standard","meta":{"_eb_attr":"","pgc_sgb_lightbox_settings":"","footnotes":""},"categories":[63,85],"tags":[68,207,64],"class_list":["post-5984","post","type-post","status-publish","format-standard","has-post-thumbnail","hentry","category-blog","category-news","tag-calcio","tag-mammarella","tag-ternana"],"_links":{"self":[{"href":"https:\/\/dajemo.com\/index.php?rest_route=\/wp\/v2\/posts\/5984","targetHints":{"allow":["GET"]}}],"collection":[{"href":"https:\/\/dajemo.com\/index.php?rest_route=\/wp\/v2\/posts"}],"about":[{"href":"https:\/\/dajemo.com\/index.php?rest_route=\/wp\/v2\/types\/post"}],"author":[{"embeddable":true,"href":"https:\/\/dajemo.com\/index.php?rest_route=\/wp\/v2\/users\/4"}],"replies":[{"embeddable":true,"href":"https:\/\/dajemo.com\/index.php?rest_route=%2Fwp%2Fv2%2Fcomments&post=5984"}],"version-history":[{"count":1,"href":"https:\/\/dajemo.com\/index.php?rest_route=\/wp\/v2\/posts\/5984\/revisions"}],"predecessor-version":[{"id":5985,"href":"https:\/\/dajemo.com\/index.php?rest_route=\/wp\/v2\/posts\/5984\/revisions\/5985"}],"wp:featuredmedia":[{"embeddable":true,"href":"https:\/\/dajemo.com\/index.php?rest_route=\/wp\/v2\/media\/1764"}],"wp:attachment":[{"href":"https:\/\/dajemo.com\/index.php?rest_route=%2Fwp%2Fv2%2Fmedia&parent=5984"}],"wp:term":[{"taxonomy":"category","embeddable":true,"href":"https:\/\/dajemo.com\/index.php?rest_route=%2Fwp%2Fv2%2Fcategories&post=5984"},{"taxonomy":"post_tag","embeddable":true,"href":"https:\/\/dajemo.com\/index.php?rest_route=%2Fwp%2Fv2%2Ftags&post=5984"}],"curies":[{"name":"wp","href":"https:\/\/api.w.org\/{rel}","templated":true}]}}