{"id":5986,"date":"2024-06-25T14:39:28","date_gmt":"2024-06-25T13:39:28","guid":{"rendered":"https:\/\/dajemo.com\/?p=5986"},"modified":"2024-06-25T14:39:30","modified_gmt":"2024-06-25T13:39:30","slug":"ternana-scelta-la-sede-del-ritiro","status":"publish","type":"post","link":"https:\/\/dajemo.com\/?p=5986","title":{"rendered":"Ternana, scelta la sede del ritiro"},"content":{"rendered":"<div class=\"wp-block-image\">\n<figure class=\"alignleft size-thumbnail\"><img loading=\"lazy\" decoding=\"async\" width=\"150\" height=\"150\" src=\"https:\/\/dajemo.com\/wp-content\/uploads\/2024\/06\/IMG_8204-150x150.jpeg\" alt=\"\" class=\"wp-image-5987\" title=\"\" srcset=\"https:\/\/dajemo.com\/wp-content\/uploads\/2024\/06\/IMG_8204-150x150.jpeg 150w, https:\/\/dajemo.com\/wp-content\/uploads\/2024\/06\/IMG_8204-80x80.jpeg 80w, https:\/\/dajemo.com\/wp-content\/uploads\/2024\/06\/IMG_8204-320x320.jpeg 320w, https:\/\/dajemo.com\/wp-content\/uploads\/2024\/06\/IMG_8204-300x300.jpeg 300w, https:\/\/dajemo.com\/wp-content\/uploads\/2024\/06\/IMG_8204-100x100.jpeg 100w\" sizes=\"auto, (max-width: 150px) 100vw, 150px\" \/><\/figure>\n<\/div>\n\n\n<p>Di seguito il comunicato della Ternana Calcio:<\/p>\n\n\n\n<p> \u201cLa prima\u00a0<strong>Ternana Calcio<\/strong>\u00a0si ritrover\u00e0 per il raduno ufficiale domenica 14 luglio, alle ore 19.00, presso l\u2019hotel\u00a0<em><strong>Garden<\/strong>\u00a0<\/em>di Terni.<br>Dopo i tradizionali test i rossoverdi si trasferiranno presso i campi di\u00a0<strong>Sangemini<\/strong>, sede del ritiro pre-campionato che, presumibilmente, durer\u00e0 fino al 27 o 28 luglio.<br>La Societ\u00e0 \u00e8 a lavoro per organizzare delle gare amichevoli, utili per implementare la preparazione in vista del prossimo torneo.<br>A breve verr\u00e0 reso noto il programma dettagliato del ritiro stesso\u201d.<\/p>\n","protected":false},"excerpt":{"rendered":"<p>Di seguito il comunicato della Ternana Calcio: \u201cLa prima\u00a0Ternana Calcio\u00a0si ritrover\u00e0 per il raduno ufficiale domenica 14 luglio, alle ore 19.00, presso l\u2019hotel\u00a0Garden\u00a0di Terni.Dopo i tradizionali test i rossoverdi si trasferiranno presso i campi&#46;&#46;&#46;<\/p>\n","protected":false},"author":4,"featured_media":5987,"comment_status":"open","ping_status":"open","sticky":false,"template":"","format":"standard","meta":{"_eb_attr":"","pgc_sgb_lightbox_settings":"","footnotes":""},"categories":[63,85],"tags":[210,189,64],"class_list":["post-5986","post","type-post","status-publish","format-standard","has-post-thumbnail","hentry","category-blog","category-news","tag-sangemini","tag-seriec","tag-ternana"],"_links":{"self":[{"href":"https:\/\/dajemo.com\/index.php?rest_route=\/wp\/v2\/posts\/5986","targetHints":{"allow":["GET"]}}],"collection":[{"href":"https:\/\/dajemo.com\/index.php?rest_route=\/wp\/v2\/posts"}],"about":[{"href":"https:\/\/dajemo.com\/index.php?rest_route=\/wp\/v2\/types\/post"}],"author":[{"embeddable":true,"href":"https:\/\/dajemo.com\/index.php?rest_route=\/wp\/v2\/users\/4"}],"replies":[{"embeddable":true,"href":"https:\/\/dajemo.com\/index.php?rest_route=%2Fwp%2Fv2%2Fcomments&post=5986"}],"version-history":[{"count":1,"href":"https:\/\/dajemo.com\/index.php?rest_route=\/wp\/v2\/posts\/5986\/revisions"}],"predecessor-version":[{"id":5988,"href":"https:\/\/dajemo.com\/index.php?rest_route=\/wp\/v2\/posts\/5986\/revisions\/5988"}],"wp:featuredmedia":[{"embeddable":true,"href":"https:\/\/dajemo.com\/index.php?rest_route=\/wp\/v2\/media\/5987"}],"wp:attachment":[{"href":"https:\/\/dajemo.com\/index.php?rest_route=%2Fwp%2Fv2%2Fmedia&parent=5986"}],"wp:term":[{"taxonomy":"category","embeddable":true,"href":"https:\/\/dajemo.com\/index.php?rest_route=%2Fwp%2Fv2%2Fcategories&post=5986"},{"taxonomy":"post_tag","embeddable":true,"href":"https:\/\/dajemo.com\/index.php?rest_route=%2Fwp%2Fv2%2Ftags&post=5986"}],"curies":[{"name":"wp","href":"https:\/\/api.w.org\/{rel}","templated":true}]}}