{"id":6002,"date":"2024-07-03T09:05:41","date_gmt":"2024-07-03T08:05:41","guid":{"rendered":"https:\/\/dajemo.com\/?p=6002"},"modified":"2024-07-03T09:05:43","modified_gmt":"2024-07-03T08:05:43","slug":"ufficiale-iannarilli-ceduto-allavellino","status":"publish","type":"post","link":"https:\/\/dajemo.com\/?p=6002","title":{"rendered":"Ufficiale: Iannarilli ceduto all&#8217;Avellino"},"content":{"rendered":"<div class=\"wp-block-image\">\n<figure class=\"alignleft size-thumbnail\"><img loading=\"lazy\" decoding=\"async\" width=\"150\" height=\"150\" src=\"https:\/\/dajemo.com\/wp-content\/uploads\/2024\/05\/e93e4c15-faec-40e8-871b-7cc7e4e42d8b-150x150.jpeg\" alt=\"\" class=\"wp-image-5765\" title=\"\" srcset=\"https:\/\/dajemo.com\/wp-content\/uploads\/2024\/05\/e93e4c15-faec-40e8-871b-7cc7e4e42d8b-150x150.jpeg 150w, https:\/\/dajemo.com\/wp-content\/uploads\/2024\/05\/e93e4c15-faec-40e8-871b-7cc7e4e42d8b-80x80.jpeg 80w, https:\/\/dajemo.com\/wp-content\/uploads\/2024\/05\/e93e4c15-faec-40e8-871b-7cc7e4e42d8b-320x320.jpeg 320w, https:\/\/dajemo.com\/wp-content\/uploads\/2024\/05\/e93e4c15-faec-40e8-871b-7cc7e4e42d8b-300x300.jpeg 300w, https:\/\/dajemo.com\/wp-content\/uploads\/2024\/05\/e93e4c15-faec-40e8-871b-7cc7e4e42d8b-100x100.jpeg 100w\" sizes=\"auto, (max-width: 150px) 100vw, 150px\" \/><\/figure>\n<\/div>\n\n\n<p>Questa mattina 3 luglio, con una nota scritta sui social, l&#8217;ormai ex portiere rossoverde ha comunicato il suo addio alla Ternana. Iannarilli in rossoverde ha collezionato in sei anni la bellezza di 213 partite. Il portiere nella giornata di ieri ha svolto le visite mediche ed ora ha messo nero su bianco al biennale offerto dall&#8217;Avellino di mister Michele Pazienza. <\/p>\n\n\n\n<p>Di seguito la nota: &#8220;Oggi si conclude l\u2019esperienza calcistica pi\u00f9 lunga della mia carriera\u2026 6 anni, 213 partite &#8230; salutare questi colori, trovare le parole per descrivere tutto quello che ho vissuto in questo periodo \u00e8 veramente difficile perch\u00e9 le sensazioni sono tante ed ho il cuore pieno di ricordi e di emozioni.<br>Nel mio cuore resteranno tanti momenti indimenticabili: la Ternana dei record, i rigori parati nei derby,lo stadio liberati,i miei compagni di spogliatoio e tanti altri momenti fantastici.<br>Porter\u00f3 dentro anche qualche brutta cicatrice come quella del 23 maggio. Ogni piccolo attimo vissuto in questi lunghi 6 anni mi accompagner\u00e0 sempre e comunque.<br>Non dimenticher\u00f2 mai la Citt\u00e0 di Terni e la Ternana.<br>Ci tenevo a dire grazie a tutti, nessuno escluso; in questa lunga esperienza ho incontrato tante persone e fare il nome di tutti \u00e8 veramente impossibile per\u00f2 ciascuna \u00e8 stata importante per il mio percorso professionale e personale.<br>Ringrazio i magazzinieri, tutto lo staff del magazzino, lo staff medico ed i fisioterapisti, tutto il reparto delle comunicazioni, della segreteria e naturalmente il team manager.<br>Ringrazio di cuore anche i due Presidenti che si sono succeduti negli anni, i direttori, gli allenatori,i preparatori e tutti i ragazzi con i quali ho condiviso lo spogliatoio in questi 6 anni ..<br>tutte queste persone mi hanno insegnato tanto costruendo, giorno dopo giorno, il professionista e l\u2019uomo che sono oggi.<br>Un grazie particolare a tutta la tifoseria che mi ha sempre sostenuto in ogni momento, nel bene e nel male \u2026<br>Grazie a tutti di cuore, vi voglio bene\u2026<br>Ciao Fere con affetto Ianna \u2764\ufe0f\ud83d\udc9a\u00a0&#8220;.<\/p>\n","protected":false},"excerpt":{"rendered":"<p>Questa mattina 3 luglio, con una nota scritta sui social, l&#8217;ormai ex portiere rossoverde ha comunicato il suo addio alla Ternana. Iannarilli in rossoverde ha collezionato in sei anni la bellezza di 213 partite.&#46;&#46;&#46;<\/p>\n","protected":false},"author":4,"featured_media":5765,"comment_status":"open","ping_status":"open","sticky":false,"template":"","format":"standard","meta":{"_eb_attr":"","pgc_sgb_lightbox_settings":"","footnotes":""},"categories":[63,85],"tags":[216,147,64],"class_list":["post-6002","post","type-post","status-publish","format-standard","has-post-thumbnail","hentry","category-blog","category-news","tag-avellino","tag-iannarilli","tag-ternana"],"_links":{"self":[{"href":"https:\/\/dajemo.com\/index.php?rest_route=\/wp\/v2\/posts\/6002","targetHints":{"allow":["GET"]}}],"collection":[{"href":"https:\/\/dajemo.com\/index.php?rest_route=\/wp\/v2\/posts"}],"about":[{"href":"https:\/\/dajemo.com\/index.php?rest_route=\/wp\/v2\/types\/post"}],"author":[{"embeddable":true,"href":"https:\/\/dajemo.com\/index.php?rest_route=\/wp\/v2\/users\/4"}],"replies":[{"embeddable":true,"href":"https:\/\/dajemo.com\/index.php?rest_route=%2Fwp%2Fv2%2Fcomments&post=6002"}],"version-history":[{"count":1,"href":"https:\/\/dajemo.com\/index.php?rest_route=\/wp\/v2\/posts\/6002\/revisions"}],"predecessor-version":[{"id":6003,"href":"https:\/\/dajemo.com\/index.php?rest_route=\/wp\/v2\/posts\/6002\/revisions\/6003"}],"wp:featuredmedia":[{"embeddable":true,"href":"https:\/\/dajemo.com\/index.php?rest_route=\/wp\/v2\/media\/5765"}],"wp:attachment":[{"href":"https:\/\/dajemo.com\/index.php?rest_route=%2Fwp%2Fv2%2Fmedia&parent=6002"}],"wp:term":[{"taxonomy":"category","embeddable":true,"href":"https:\/\/dajemo.com\/index.php?rest_route=%2Fwp%2Fv2%2Fcategories&post=6002"},{"taxonomy":"post_tag","embeddable":true,"href":"https:\/\/dajemo.com\/index.php?rest_route=%2Fwp%2Fv2%2Ftags&post=6002"}],"curies":[{"name":"wp","href":"https:\/\/api.w.org\/{rel}","templated":true}]}}