{"id":6018,"date":"2024-07-12T11:29:21","date_gmt":"2024-07-12T10:29:21","guid":{"rendered":"https:\/\/dajemo.com\/?p=6018"},"modified":"2024-07-12T13:09:57","modified_gmt":"2024-07-12T12:09:57","slug":"ternana-presentate-le-maglie-della-stagione-2024-25","status":"publish","type":"post","link":"https:\/\/dajemo.com\/?p=6018","title":{"rendered":"Ternana, presentate le maglie della stagione 2024\/25"},"content":{"rendered":"\n<figure class=\"wp-block-image size-medium\"><img loading=\"lazy\" decoding=\"async\" width=\"300\" height=\"225\" src=\"https:\/\/dajemo.com\/wp-content\/uploads\/2024\/07\/IMG_8487-300x225.jpeg\" alt=\"\" class=\"wp-image-6019\" title=\"\" srcset=\"https:\/\/dajemo.com\/wp-content\/uploads\/2024\/07\/IMG_8487-300x225.jpeg 300w, https:\/\/dajemo.com\/wp-content\/uploads\/2024\/07\/IMG_8487-1024x768.jpeg 1024w, https:\/\/dajemo.com\/wp-content\/uploads\/2024\/07\/IMG_8487-768x576.jpeg 768w, https:\/\/dajemo.com\/wp-content\/uploads\/2024\/07\/IMG_8487-1536x1152.jpeg 1536w, https:\/\/dajemo.com\/wp-content\/uploads\/2024\/07\/IMG_8487-2048x1536.jpeg 2048w, https:\/\/dajemo.com\/wp-content\/uploads\/2024\/07\/IMG_8487-310x233.jpeg 310w, https:\/\/dajemo.com\/wp-content\/uploads\/2024\/07\/IMG_8487-600x450.jpeg 600w\" sizes=\"auto, (max-width: 300px) 100vw, 300px\" \/><\/figure>\n\n\n\n<p>Nel corso della conferenza stampa svoltesi questa mattina 12 luglio presso la sala stampa del PalaTerni, il vice presidente Antonio Margiotta, il direttore Giuseppe D\u2019Aniello e Gianluca Serpetta della Macron hanno presentato le nuove maglie della Ternana Calcio, stagione 2024\/25. La prima a bande larghe rosse e verdi e la seconda bianca con un gioco di trasparenza opaco rimandano agli anni \u201880, mentre la terza grigia con le squame della fera rimanda ad una casacca gi\u00e0 indossata nel 2013. Il logo \u00e8 restaurato e minimizzato, con la sola presenza del drago e dell\u2019anno di fondazione 1925. C\u2019\u00e8 stata poi un\u2019iniziativa legata alla prima maglia della Ternana Women, identica a quella maschile, ma con al centro del petto la scritta ricamata con il nome del mister Fabio Melillo, prematuramente scomparso.\u00a0<\/p>\n\n\n\n<p>Sempre in occasione di questa giornata \u00e8 stata annunciata la campagna abbonamenti, con la prelazione dedicata a chi ha gi\u00e0 sottoscritto l\u2019abbonamento nella passata stagione che inizier\u00e0 luned\u00ec 15 luglio, mentre per tutti gli altri tifosi a partire dal 23. Sar\u00e0 possibile sottoscrivere l\u2019abbonamento sia online che al botteghino.&nbsp;<br><\/p>\n\n\n\n<p>Fi.Ma.<\/p>\n","protected":false},"excerpt":{"rendered":"<p>Nel corso della conferenza stampa svoltesi questa mattina 12 luglio presso la sala stampa del PalaTerni, il vice presidente Antonio Margiotta, il direttore Giuseppe D\u2019Aniello e Gianluca Serpetta della Macron hanno presentato le nuove&#46;&#46;&#46;<\/p>\n","protected":false},"author":4,"featured_media":6019,"comment_status":"open","ping_status":"open","sticky":false,"template":"","format":"standard","meta":{"_eb_attr":"","pgc_sgb_lightbox_settings":"","footnotes":""},"categories":[63,85],"tags":[219,220,64],"class_list":["post-6018","post","type-post","status-publish","format-standard","has-post-thumbnail","hentry","category-blog","category-news","tag-abbonamenti","tag-maglie","tag-ternana"],"_links":{"self":[{"href":"https:\/\/dajemo.com\/index.php?rest_route=\/wp\/v2\/posts\/6018","targetHints":{"allow":["GET"]}}],"collection":[{"href":"https:\/\/dajemo.com\/index.php?rest_route=\/wp\/v2\/posts"}],"about":[{"href":"https:\/\/dajemo.com\/index.php?rest_route=\/wp\/v2\/types\/post"}],"author":[{"embeddable":true,"href":"https:\/\/dajemo.com\/index.php?rest_route=\/wp\/v2\/users\/4"}],"replies":[{"embeddable":true,"href":"https:\/\/dajemo.com\/index.php?rest_route=%2Fwp%2Fv2%2Fcomments&post=6018"}],"version-history":[{"count":3,"href":"https:\/\/dajemo.com\/index.php?rest_route=\/wp\/v2\/posts\/6018\/revisions"}],"predecessor-version":[{"id":6022,"href":"https:\/\/dajemo.com\/index.php?rest_route=\/wp\/v2\/posts\/6018\/revisions\/6022"}],"wp:featuredmedia":[{"embeddable":true,"href":"https:\/\/dajemo.com\/index.php?rest_route=\/wp\/v2\/media\/6019"}],"wp:attachment":[{"href":"https:\/\/dajemo.com\/index.php?rest_route=%2Fwp%2Fv2%2Fmedia&parent=6018"}],"wp:term":[{"taxonomy":"category","embeddable":true,"href":"https:\/\/dajemo.com\/index.php?rest_route=%2Fwp%2Fv2%2Fcategories&post=6018"},{"taxonomy":"post_tag","embeddable":true,"href":"https:\/\/dajemo.com\/index.php?rest_route=%2Fwp%2Fv2%2Ftags&post=6018"}],"curies":[{"name":"wp","href":"https:\/\/api.w.org\/{rel}","templated":true}]}}