{"id":6079,"date":"2024-08-22T12:08:17","date_gmt":"2024-08-22T11:08:17","guid":{"rendered":"https:\/\/dajemo.com\/?p=6079"},"modified":"2024-08-22T12:09:37","modified_gmt":"2024-08-22T11:09:37","slug":"abate-non-vedo-lora-di-vedere-i-ragazzi-allopera-domani-partita-che-conta","status":"publish","type":"post","link":"https:\/\/dajemo.com\/?p=6079","title":{"rendered":"Abate: &lt;&lt;Non vedo l\u2019ora di vedere i ragazzi all\u2019opera. Domani partita che conta>>"},"content":{"rendered":"<div class=\"wp-block-image\">\n<figure class=\"alignleft size-thumbnail\"><img loading=\"lazy\" decoding=\"async\" width=\"150\" height=\"150\" src=\"https:\/\/dajemo.com\/wp-content\/uploads\/2024\/08\/IMG_9738-150x150.jpeg\" alt=\"\" class=\"wp-image-6081\" title=\"\" srcset=\"https:\/\/dajemo.com\/wp-content\/uploads\/2024\/08\/IMG_9738-150x150.jpeg 150w, https:\/\/dajemo.com\/wp-content\/uploads\/2024\/08\/IMG_9738-80x80.jpeg 80w, https:\/\/dajemo.com\/wp-content\/uploads\/2024\/08\/IMG_9738-320x320.jpeg 320w, https:\/\/dajemo.com\/wp-content\/uploads\/2024\/08\/IMG_9738-300x300.jpeg 300w, https:\/\/dajemo.com\/wp-content\/uploads\/2024\/08\/IMG_9738-100x100.jpeg 100w\" sizes=\"auto, (max-width: 150px) 100vw, 150px\" \/><\/figure>\n<\/div>\n\n\n<p>Ci siamo, torna il campionato e la Ternana si appresta ad esordire domani venerd\u00ec 23 agosto subito contro una contander, il Pescara. In occasione della conferenza stampa pre partita \u00e8 intervenuto il tecnico dei rossoverdi, Ignazio Abate. &lt;&lt;Dobbiamo trovare alchimia a livello umano, soprattutto in questa prima parte di stagione. I ragazzi stanno bene, a livello di modulo abbiamo varie interpretazioni. I ragazzi vanno sostenuti dal primo minuto, perch\u00e9 si sono allenati al massimo. Il Pescara \u00e8 una squadra forte ma noi abbiamo le motivazioni a mille&gt;&gt;.<\/p>\n\n\n\n<p>Riguardo alla questione calciomercato, in entrata e in uscita non si \u00e8 sbilanciato, confermando le tre punte, Ferrante, Rovaglia e Donnarumma, sottolineando come quest\u2019ultimo sia in ritardo con la condizione fisica. Inoltre ha sottolineato il possibile dualismo tra Franchi e Vitali, non confermando chi sar\u00e0 il titolare. &lt;&lt;Corradini \u00e8 in forma, Tito mi ha sorpreso perch\u00e9 sta bene fisicamente ma pi\u00f9 indietro nel gioco con la palla. Romeo ha avuto la febbre ma ora si \u00e8 allenato con noi. Non \u00e8 il momento di parlare di mercato perch\u00e9 bisogna concentrarci solo sull\u2019esordio&gt;&gt;.&nbsp;<\/p>\n","protected":false},"excerpt":{"rendered":"<p>Ci siamo, torna il campionato e la Ternana si appresta ad esordire domani venerd\u00ec 23 agosto subito contro una contander, il Pescara. In occasione della conferenza stampa pre partita \u00e8 intervenuto il tecnico dei&#46;&#46;&#46;<\/p>\n","protected":false},"author":4,"featured_media":6081,"comment_status":"open","ping_status":"open","sticky":false,"template":"","format":"standard","meta":{"_eb_attr":"","pgc_sgb_lightbox_settings":"","footnotes":""},"categories":[63,85],"tags":[206,189,64],"class_list":["post-6079","post","type-post","status-publish","format-standard","has-post-thumbnail","hentry","category-blog","category-news","tag-abate","tag-seriec","tag-ternana"],"_links":{"self":[{"href":"https:\/\/dajemo.com\/index.php?rest_route=\/wp\/v2\/posts\/6079","targetHints":{"allow":["GET"]}}],"collection":[{"href":"https:\/\/dajemo.com\/index.php?rest_route=\/wp\/v2\/posts"}],"about":[{"href":"https:\/\/dajemo.com\/index.php?rest_route=\/wp\/v2\/types\/post"}],"author":[{"embeddable":true,"href":"https:\/\/dajemo.com\/index.php?rest_route=\/wp\/v2\/users\/4"}],"replies":[{"embeddable":true,"href":"https:\/\/dajemo.com\/index.php?rest_route=%2Fwp%2Fv2%2Fcomments&post=6079"}],"version-history":[{"count":3,"href":"https:\/\/dajemo.com\/index.php?rest_route=\/wp\/v2\/posts\/6079\/revisions"}],"predecessor-version":[{"id":6083,"href":"https:\/\/dajemo.com\/index.php?rest_route=\/wp\/v2\/posts\/6079\/revisions\/6083"}],"wp:featuredmedia":[{"embeddable":true,"href":"https:\/\/dajemo.com\/index.php?rest_route=\/wp\/v2\/media\/6081"}],"wp:attachment":[{"href":"https:\/\/dajemo.com\/index.php?rest_route=%2Fwp%2Fv2%2Fmedia&parent=6079"}],"wp:term":[{"taxonomy":"category","embeddable":true,"href":"https:\/\/dajemo.com\/index.php?rest_route=%2Fwp%2Fv2%2Fcategories&post=6079"},{"taxonomy":"post_tag","embeddable":true,"href":"https:\/\/dajemo.com\/index.php?rest_route=%2Fwp%2Fv2%2Ftags&post=6079"}],"curies":[{"name":"wp","href":"https:\/\/api.w.org\/{rel}","templated":true}]}}