{"id":6228,"date":"2024-10-11T16:24:46","date_gmt":"2024-10-11T15:24:46","guid":{"rendered":"https:\/\/dajemo.com\/?p=6228"},"modified":"2024-10-11T16:24:48","modified_gmt":"2024-10-11T15:24:48","slug":"le-prime-parole-del-presidente-dalessandro","status":"publish","type":"post","link":"https:\/\/dajemo.com\/?p=6228","title":{"rendered":"Le prime parole del presidente D&#8217;Alessandro"},"content":{"rendered":"<div class=\"wp-block-image\">\n<figure class=\"alignleft size-thumbnail\"><img loading=\"lazy\" decoding=\"async\" width=\"150\" height=\"150\" src=\"https:\/\/dajemo.com\/wp-content\/uploads\/2024\/10\/IMG_0629-150x150.jpeg\" alt=\"\" class=\"wp-image-6212\" title=\"\" srcset=\"https:\/\/dajemo.com\/wp-content\/uploads\/2024\/10\/IMG_0629-150x150.jpeg 150w, https:\/\/dajemo.com\/wp-content\/uploads\/2024\/10\/IMG_0629-80x80.jpeg 80w, https:\/\/dajemo.com\/wp-content\/uploads\/2024\/10\/IMG_0629-320x320.jpeg 320w, https:\/\/dajemo.com\/wp-content\/uploads\/2024\/10\/IMG_0629-300x300.jpeg 300w, https:\/\/dajemo.com\/wp-content\/uploads\/2024\/10\/IMG_0629-100x100.jpeg 100w\" sizes=\"auto, (max-width: 150px) 100vw, 150px\" \/><\/figure>\n<\/div>\n\n\n<p>Nel pomeriggio di oggi 11 ottobre \u00e8 andata in scena presso la sala stampa dello stadio Libero Liberati, la prima conferenza stampa del nuovo proprietario e presidente rossoverde Stefano D&#8217;Alessandro. &lt;&lt;Il mio arrivo non prevede un ridimensionamento, anzi. Vogliamo andare pi\u00f9 in alto possibile, l&#8217;obiettivo \u00e8 il massimo. La squadra \u00e8 gi\u00e0 molto forte e a gennaio non ci sar\u00e0 nessuna cessione per motivi economici. Dalla prossima settimana inizieranno progetti che interesseranno i ricavi, anche tramite iniziative legate al centenario e verr\u00e0 apportato un aumento di capitale che coprir\u00e0 l&#8217;intera stagione. Voglio ringraziare Guida, il suo \u00e8 stato un atto di coraggio perch\u00e9 non tutti gli imprenditori hanno la freddezza di fare un passo indietro in una condizione di disagio. Il closing \u00e8 stato fatto velocemente, l\u2019ho imposto io perch\u00e9 avevo necessit\u00e0 di sistemare le pendenze per avere i presupposti di avere sconto sulla penalit\u00e0 dei due punti.\u00a0Ora ci sono solo dei costi e passando per la holding N21, che trasformer\u00f2 in commerciale nell&#8217;ambito della comunicazione e telefonia, punter\u00f2 ad avere anche dei ricavi. Non ci saranno altri soci, anche se spero che mio fratello mi seguir\u00e0. Insieme abbiamo Rabona Mobile, una societ\u00e0 molto grande che al momento per\u00f2 non \u00e8 coinvolta con la Ternana Calcio. Il tempo dimostrer\u00e0 se ho le capacit\u00e0 economiche oppure no, questo dipender\u00e0 anche dal progetto stadio-clinica a cui sono fortemente interessato. Riguardo le dichiarazioni del sindaco, non le vedo con negativit\u00e0, \u00e8 normale che da primo cittadino si preoccupi della squadra della citt\u00e0>>. Un piccolo excursus \u00e8 poi stato fatto sull&#8217;allontanamento del DG Foresti:&lt;&lt;Non serviva pi\u00f9 un direttore generale perch\u00e9 quelle funzioni, a 360 gradi, le svolger\u00f2 io. Ho in mente delle idee e voglio svilupparle, chi meglio di me pu\u00f2 curare il riassetto finanziario rendendo anche la Ternana produttiva? Sar\u00e0 una ottimizzazione dal punto di vista organizzativo. Ho tutto da imparare perch\u00e9 \u00e8 la prima esperienza. Mammarella \u00e8 il direttore sportivo, ha fatto un ottimo lavoro ed \u00e8 giusto che resti>>. <\/p>\n\n\n\n<p>f.m.<\/p>\n","protected":false},"excerpt":{"rendered":"<p>Nel pomeriggio di oggi 11 ottobre \u00e8 andata in scena presso la sala stampa dello stadio Libero Liberati, la prima conferenza stampa del nuovo proprietario e presidente rossoverde Stefano D&#8217;Alessandro. &lt;&lt;Il mio arrivo non&#46;&#46;&#46;<\/p>\n","protected":false},"author":4,"featured_media":6212,"comment_status":"open","ping_status":"open","sticky":false,"template":"","format":"standard","meta":{"_eb_attr":"","pgc_sgb_lightbox_settings":"","footnotes":""},"categories":[63,85],"tags":[246,189,64],"class_list":["post-6228","post","type-post","status-publish","format-standard","has-post-thumbnail","hentry","category-blog","category-news","tag-dalessandro","tag-seriec","tag-ternana"],"_links":{"self":[{"href":"https:\/\/dajemo.com\/index.php?rest_route=\/wp\/v2\/posts\/6228","targetHints":{"allow":["GET"]}}],"collection":[{"href":"https:\/\/dajemo.com\/index.php?rest_route=\/wp\/v2\/posts"}],"about":[{"href":"https:\/\/dajemo.com\/index.php?rest_route=\/wp\/v2\/types\/post"}],"author":[{"embeddable":true,"href":"https:\/\/dajemo.com\/index.php?rest_route=\/wp\/v2\/users\/4"}],"replies":[{"embeddable":true,"href":"https:\/\/dajemo.com\/index.php?rest_route=%2Fwp%2Fv2%2Fcomments&post=6228"}],"version-history":[{"count":4,"href":"https:\/\/dajemo.com\/index.php?rest_route=\/wp\/v2\/posts\/6228\/revisions"}],"predecessor-version":[{"id":6232,"href":"https:\/\/dajemo.com\/index.php?rest_route=\/wp\/v2\/posts\/6228\/revisions\/6232"}],"wp:featuredmedia":[{"embeddable":true,"href":"https:\/\/dajemo.com\/index.php?rest_route=\/wp\/v2\/media\/6212"}],"wp:attachment":[{"href":"https:\/\/dajemo.com\/index.php?rest_route=%2Fwp%2Fv2%2Fmedia&parent=6228"}],"wp:term":[{"taxonomy":"category","embeddable":true,"href":"https:\/\/dajemo.com\/index.php?rest_route=%2Fwp%2Fv2%2Fcategories&post=6228"},{"taxonomy":"post_tag","embeddable":true,"href":"https:\/\/dajemo.com\/index.php?rest_route=%2Fwp%2Fv2%2Ftags&post=6228"}],"curies":[{"name":"wp","href":"https:\/\/api.w.org\/{rel}","templated":true}]}}