{"id":6527,"date":"2025-02-17T23:34:29","date_gmt":"2025-02-17T22:34:29","guid":{"rendered":"https:\/\/dajemo.com\/?p=6527"},"modified":"2025-02-17T23:34:30","modified_gmt":"2025-02-17T22:34:30","slug":"presentati-i-concerti-di-luca-barbarossa-e-francesco-renga-terni-ha-le-carte-in-regola-per-diventare-tappa-delle-star-internazionali","status":"publish","type":"post","link":"https:\/\/dajemo.com\/?p=6527","title":{"rendered":"Presentati i concerti di Luca Barbarossa e Francesco Renga: &#8220;Terni ha le carte in regola per diventare tappa delle star internazionali&#8221;"},"content":{"rendered":"<div class=\"wp-block-image\">\n<figure class=\"alignleft size-thumbnail\"><img loading=\"lazy\" decoding=\"async\" width=\"150\" height=\"150\" src=\"https:\/\/dajemo.com\/wp-content\/uploads\/2025\/02\/IMG_3140-150x150.jpg\" alt=\"\" class=\"wp-image-6528\" title=\"\" srcset=\"https:\/\/dajemo.com\/wp-content\/uploads\/2025\/02\/IMG_3140-150x150.jpg 150w, https:\/\/dajemo.com\/wp-content\/uploads\/2025\/02\/IMG_3140-80x80.jpg 80w, https:\/\/dajemo.com\/wp-content\/uploads\/2025\/02\/IMG_3140-320x320.jpg 320w, https:\/\/dajemo.com\/wp-content\/uploads\/2025\/02\/IMG_3140-300x300.jpg 300w, https:\/\/dajemo.com\/wp-content\/uploads\/2025\/02\/IMG_3140-100x100.jpg 100w\" sizes=\"auto, (max-width: 150px) 100vw, 150px\" \/><\/figure>\n<\/div>\n\n\n<p>Nella giornata di luned\u00ec 17 febbraio, presso la pasticceria Clapier, sono stati presentati due eventi di caratura nazionale da parte degli organizzatori. Il primo \u00e8 il concerto di San Valentino da Terni, in programma sabato 22 febbraio presso il Centro Multimediale, che avr\u00e0 protagonista Luca Barbarossa: &#8220;<em>E&#8217; la seconda edizione del concerto di San Valentino, dopo il concerto di Paula Turci dello scorso anno <\/em>&#8211; affermano Michele Rossi di Terni Citt\u00e0 Futura e Amelia Miliardi di Argoo- <em>ci siamo voluti allargare chiamando Luca Barbarossa, che ci porter\u00e0 una sorta di viaggio musicale. \u00c8 una specie di colonna sonora che l\u2019artista dedica alla musica. Il tour nasce dal libro \u201cCento storie per cento canzoni\u201d, scritto dallo stesso cantautore, in cui ripercorre la sua esistenza attraverso la musica. Al momento Luca \u00e8 concentrato in televisione, radio ed editoria, oltre che nella musica. Attraverso un&#8217;intervista della stampa locale ha dichiarato di aver frequentato la casa e la figlia, tramite la scuola, di Sergio Endrigo; \u00e8 una pura casualit\u00e0, prima non<\/em> l<em>o sapevamo, per\u00f2 fa comprendere quanto Endrigo sia presente nelle carriere di questi artisti&#8221;. <\/em><\/p>\n\n\n\n<p>&#8220;<em>San Valentino &#8220;da Terni&#8221; \u00e8 per sottolineare che il santo sia della nostra citt\u00e0. Il progetto sta crescendo negli anni ed \u00e8 molto ambizioso, l\u2019obiettivo \u00e8 riuscire a creare uno spettacolo, <em>magari veicolato attraverso la televisione<\/em>, dove si possano portare a Terni nomi internazionali, come avviene per altri spettacoli legati a figure religiose. Ad esempio il concerto di San Francesco<\/em>&#8220;.<\/p>\n\n\n\n<p>Poi \u00e8 stato lanciato un appello riguardante la location del Centro Multimediale: &#8220;<em>Il videocentro nei prossimi mesi subir\u00e0 dei rinnovamenti perch\u00e9 \u00e8 stato deciso che sar\u00e0 traferito l\u00ec il conservatorio Briccialdi. Sono certo che il conservatorio metter\u00e0 a disposizione lo spazio anche a terzi, ma essendo il comune il proprietario suggerisco di tenere alcune giornate da riservare agli organizzatori&#8221;.<\/em><\/p>\n\n\n\n<p>Per quanto concerne l&#8217;altro evento, quello riguardante il Tributo d&#8217;Autore: &#8220;<em>Siamo alla dodicesima edizione e siamo molto soddisfatti che gli artisti che si esibiscono su questo palco poi solchino anche Sanremo, come \u00e8 successo a Francesca Michielin, Arisa, Loredana Bert\u00e8, Toquinho e quest&#8217;anno Francesco Renga. Il 20 settembre sar\u00e0 una festa, infatti si tratta della tappa conclusiva del tour dedicato alla canzone &#8220;Angelo&#8221;, che compie vent&#8217;anni dalla vittoria del Festival della canzone italiana. Avevamo pensato anche a Brunori Sas o Lucio Corsi, protagonisti di questo Sanremo, poi abbiamo scelto Renga, anche perch\u00e9 non \u00e8 facile combattere con le grandi agenzie che non concedono artisti di fama alla nostra citt\u00e0.  Lo stile del Tributo d\u2019autore \u00e8 quello dei cantautori, i brani sono scritti da lui e musicati da lui. Porter\u00e0 la sua storia artistica, con le canzoni pi\u00f9 celebri. Non far\u00e0 tappa a Roma ma a Terni.\u00a0Stiamo lavorando anche ad un\u2019altra data che magari possa avvicinare i giovani&#8221;.<\/em><\/p>\n\n\n\n<p><em>&#8220;Siamo convinti che Terni con la ricca storia di cultura musicale e con le infrastrutture di cui dispone ha le carte in regola per diventare un punto di riferimento. C&#8217;\u00e8 la voglia di coinvolgere tutta la comunit\u00e0 cittadina, scuole aziende e singoli cittadini. Unendo le forze si pu\u00f2 costruire una Terni vibrante di musica, dove c\u2019\u00e8 atmosfera di creativit\u00e0 e passione per la musica. Lavoriamo per far diventare questa citt\u00e0 una tappa obbligatoria per le star della musica nazionale e non solo&#8221;<\/em>.\u00a0<\/p>\n\n\n\n<p>\u00a0<\/p>\n","protected":false},"excerpt":{"rendered":"<p>Nella giornata di luned\u00ec 17 febbraio, presso la pasticceria Clapier, sono stati presentati due eventi di caratura nazionale da parte degli organizzatori. Il primo \u00e8 il concerto di San Valentino da Terni, in programma&#46;&#46;&#46;<\/p>\n","protected":false},"author":4,"featured_media":6528,"comment_status":"open","ping_status":"open","sticky":false,"template":"","format":"standard","meta":{"_eb_attr":"","pgc_sgb_lightbox_settings":"","footnotes":""},"categories":[85],"tags":[93,257,256,258],"class_list":["post-6527","post","type-post","status-publish","format-standard","has-post-thumbnail","hentry","category-news","tag-dajemo-2","tag-francesco-renga","tag-luca-barbarossa","tag-michele-rossi"],"_links":{"self":[{"href":"https:\/\/dajemo.com\/index.php?rest_route=\/wp\/v2\/posts\/6527","targetHints":{"allow":["GET"]}}],"collection":[{"href":"https:\/\/dajemo.com\/index.php?rest_route=\/wp\/v2\/posts"}],"about":[{"href":"https:\/\/dajemo.com\/index.php?rest_route=\/wp\/v2\/types\/post"}],"author":[{"embeddable":true,"href":"https:\/\/dajemo.com\/index.php?rest_route=\/wp\/v2\/users\/4"}],"replies":[{"embeddable":true,"href":"https:\/\/dajemo.com\/index.php?rest_route=%2Fwp%2Fv2%2Fcomments&post=6527"}],"version-history":[{"count":1,"href":"https:\/\/dajemo.com\/index.php?rest_route=\/wp\/v2\/posts\/6527\/revisions"}],"predecessor-version":[{"id":6529,"href":"https:\/\/dajemo.com\/index.php?rest_route=\/wp\/v2\/posts\/6527\/revisions\/6529"}],"wp:featuredmedia":[{"embeddable":true,"href":"https:\/\/dajemo.com\/index.php?rest_route=\/wp\/v2\/media\/6528"}],"wp:attachment":[{"href":"https:\/\/dajemo.com\/index.php?rest_route=%2Fwp%2Fv2%2Fmedia&parent=6527"}],"wp:term":[{"taxonomy":"category","embeddable":true,"href":"https:\/\/dajemo.com\/index.php?rest_route=%2Fwp%2Fv2%2Fcategories&post=6527"},{"taxonomy":"post_tag","embeddable":true,"href":"https:\/\/dajemo.com\/index.php?rest_route=%2Fwp%2Fv2%2Ftags&post=6527"}],"curies":[{"name":"wp","href":"https:\/\/api.w.org\/{rel}","templated":true}]}}