{"id":932,"date":"2022-01-27T10:40:47","date_gmt":"2022-01-27T10:40:47","guid":{"rendered":"https:\/\/dajemo.com\/?p=932"},"modified":"2022-01-27T10:47:56","modified_gmt":"2022-01-27T10:47:56","slug":"interamna-history-2","status":"publish","type":"post","link":"https:\/\/dajemo.com\/?p=932","title":{"rendered":"Interamna History &#8211; 2"},"content":{"rendered":"\n<p><strong>Interamna ai tempi di Roma, del suo Impero e di San Valentino<\/strong><\/p>\n\n\n\n<div class=\"wp-block-image\"><figure class=\"alignleft size-full\"><img loading=\"lazy\" decoding=\"async\" width=\"300\" height=\"300\" src=\"http:\/\/dajemo.com\/wp-content\/uploads\/2022\/01\/publio-cornelio-tacito.jpg\" alt=\"\" class=\"wp-image-933\" title=\"\" srcset=\"https:\/\/dajemo.com\/wp-content\/uploads\/2022\/01\/publio-cornelio-tacito.jpg 300w, https:\/\/dajemo.com\/wp-content\/uploads\/2022\/01\/publio-cornelio-tacito-100x100.jpg 100w, https:\/\/dajemo.com\/wp-content\/uploads\/2022\/01\/publio-cornelio-tacito-150x150.jpg 150w, https:\/\/dajemo.com\/wp-content\/uploads\/2022\/01\/publio-cornelio-tacito-80x80.jpg 80w\" sizes=\"auto, (max-width: 300px) 100vw, 300px\" \/><\/figure><\/div>\n\n\n\n<p>Il periodo temporale che porta Terni sino alla conclusione di quella che viene considerata la\u00a0<strong><em>Storia antica<\/em><\/strong>, e che cio\u00e8 quella termina nel 476 d.c. con la caduta dell\u2019Impero Romano e che poi vedr\u00e0\u00a0 l\u2019inizio dell\u2019alto Medioevo, rappresenta la prima vera trasformazione del territorio e delle genti che lo abitarono. Anche se non vi \u00e8 data certa di quando quel primo nucleo abitativo entr\u00f2 a fare parte della allora amministrazione romana, prendendo come riferimento il taglio del costone delle Marmore che diede poi vita alla cascata che noi tutti conosciamo, avvenuto all\u2019incirca nel 290 a.c. per volere del console\u00a0<strong><em>Manio Curio Dentato<\/em><\/strong>\u00a0famoso tra l\u2019altro per aver messo fine alle\u00a0<strong><em>guerre sannitiche<\/em><\/strong>, si pu\u00f2 ipotizzare che l\u2019originario centro situato tra il fiume Nera e il torrente Serra, da qui il nome di\u00a0<strong><em>Interamna<\/em><\/strong>, in quei tempi fosse gi\u00e0 stato romanizzato e trasformato in una colonia latina. Il tutto, tra l\u2019altro, potrebbe anche coincidere con la fondazione di un\u2019altra colonia, quella di\u00a0<strong><em>Narnia<\/em><\/strong>. La storia ed i rapporti di Interamna con Roma furono segnati da avvenimenti altalenanti ed a volte anche particolarmente segnanti per la vita quotidiana delle genti. Un esempio? Durante la seconda guerra punica, la colonia latina non riusc\u00ec a fornire un proprio contingente armato cosi come richiesto dal Senato che la tacci\u00f2 di tradimento con tanto di emanazione di una apposita legge e la recensione delle liste censorie, fatto che gli permetteva l\u2019arruolamento diretto dei militi da inviare all\u2019estero. Gi\u00e0 prima, in occasione della guerra tra i cartaginesi e romani, Terni si schier\u00f2 con Annibale e la sua sconfitta le cost\u00f2 balzelli e tasse da riconoscere ai vincitori. Quello fu anche per\u00f2 il periodo che il centro abitativo inizi\u00f2 a dotarsi delle sue mura a protezione e con il riassetto della via consolare\u00a0<strong><em>Flaminia<\/em><\/strong><em>,<\/em>inizi\u00f2 anche un periodo fiorente di commerci e scambi. L\u2019area urbana era racchiusa da una cinta muraria costituita da grossi blocchi di pietra sponga che venne poi inglobata in quelle che poi risulteranno essere le successive mura medioevali ancora visibili nella zona di Porta S. Angelo. Il passaggio della Flaminia all\u2019interno dell\u2019insediamento diede vita al\u00a0<strong><em>cardo maximus,\u00a0<\/em><\/strong>le attuali Via Roma e Corso Vecchio, e del\u00a0<strong><em>decumanus maximus,\u00a0<\/em><\/strong>oggi Via Covour e Via Garibaldi. Il ridisegnare la via consolare dando precedenza al nuovo percorso che attraverso Interamna passava per Spoleto e proseguiva da Foligno sino al mare, che coincise con conseguente perdita di importanza del ramo occidentale, diede vita anche con il declino di Carsulae che proprio dall\u2019essere nata sul suo andare aveva fatto la sua fortuna, attirando genti immigrate dai monti circostanti per migliorare le proprie condizioni di vita. Non fossero poi bastati vari tentativi di conquista da parte dei barbari, ci pens\u00f2 un terremoto a piegarla per poi, nel medioevo, essere completamente abbandonata. Ma tornando a Terni, c\u2019\u00e8 da dire che gli edifici di epoca romana pi\u00f9 importanti sono da catalogarsi comunque a partire dal I d.c. in piena\u00a0<strong><em>Et\u00e0 Augustea<\/em><\/strong>\u00a0e, tra tutti, quello meglio conservato \u00e8 l\u2019<strong><em>anfiteatro Fausto\u00a0<\/em><\/strong>che poteva ospitare fino a 10.000 persone. Ma non soltanto questo perch\u00e9 le\u00a0<strong><em>Terme di palazzo Gazzoli<\/em><\/strong>, i resti di un\u00a0<strong><em>teatro<\/em><\/strong>\u00a0inglobati in costruzioni successive tra Via Tre Colonne e Via XI Febbraio, una\u00a0<strong><em>cisterna<\/em><\/strong>\u00a0lungo Via degli Artieri, testimonianze di un\u00a0<strong><em>ponte romano<\/em><\/strong>\u00a0in prossimit\u00e0 di quello che sar\u00e0 poi il ponte S. Angelo cosi quelli di una\u00a0<strong><em>domus<\/em><\/strong>\u00a0presso Palazzo Spada, i resti di una\u00a0<strong><em>basilica<\/em><\/strong>\u00a0nell\u2019area su cui incideva la chiesa di San Giovanni decollato e tanti altri reperti, sono segni tangibili di ci\u00f2 che rappresentasse quello che era diventato un importante Municipum romano. Interamna fu cosi iscritta alla\u00a0<strong><em>trib\u00f9 Ciustumina\u00a0<\/em><\/strong>ed inserita nel<strong><em>\u00a0Regio VI Umbria<\/em><\/strong>. Ci\u00f2 che molti secoli dopo avrebbe caratterizzato le sorti di una nuova Terni tanto da farla conoscere nel mondo come la Manchester italiana, e cio\u00e8 la grande quantit\u00e0 di acqua con la quale produrre elettricit\u00e0 e alimentare cosi le sue grandi acciaierie, nell\u2019Interamna di Roma fece si che i terreni fossero particolarmente fertili e questo svilupp\u00f2 una fiorente agricoltura, cosi come la sua centralit\u00e0 e le tante vie di comunicazione le garantirono possibilit\u00e0 di commerci. Interamna fu anche teatro di eventi importanti come lo scontro tra le\u00a0<strong><em>coorti di Vitellio<\/em><\/strong>\u00a0e le\u00a0<strong><em>legioni di Flavio Vespasiano<\/em><\/strong>\u00a0nel 69, dell\u2019omaggio della delegazione senatoriale romana all\u2019<strong><em>imperatore Settimio Severo\u00a0<\/em><\/strong>nel 193 o ancora dell\u2019assassinio perpetrato dai suoi stessi soldati dell\u2019imperatore\u00a0<strong><em>Treboniano Gallo<\/em><\/strong>\u00a0e di suo figlio\u00a0<strong><em>Vibio Volusiano. \u00a0<\/em><\/strong>Anche se le fonti sono contrastanti, Interamna avrebbe anche dato i natali allo storico\u00a0<strong><em>Publio Cornelio Tacito<\/em><\/strong>\u00a0e all\u2019imperatore\u00a0<strong><em>Marco Claudio Tacito<\/em><\/strong>. Cosa certa invece, \u00e8 che divenne sede di una folta comunit\u00e0 religiosa cristiana e non \u00e8 sicuramente una leggenda l\u2019esistenza ed il martirio di\u00a0<strong><em>San Valentino<\/em><\/strong>\u00a0da Interamna che qui nacque intorno al 176. Di famiglia patrizia, Valentino che fu fatto vescovo a soli 21 anni, venne prima torturato e poi, di notte, decapitato il 14 febbraio del 273 per mano del soldato romano\u00a0<strong><em>Furius Placidus\u00a0<\/em><\/strong>su ordine dell\u2019imperatore<strong><em>\u00a0Aureliano\u00a0<\/em><\/strong>in seguito \u00a0delle persecuzioni ai cristiani e, ancor di pi\u00f9, perch\u00e9 la sua fama stava diventando sempre pi\u00f9 ingombrante per Roma. Valentino era gi\u00e0 stato arrestato una prima volta sotto\u00a0<strong><em>Claudio II il Gotico<\/em><\/strong>\u00a0che lo invitava a sospendere le celebrazioni religiose e ad abiurare il proprio credo che per\u00f2, di tutta risposta, ottenne il tentativo da parte del giovane vescovo di convertirlo alla fede cristiana. L\u2019imperatore lo grazi\u00f2 ma Valentino non si trattenne dal suo scopo sino a che, all\u2019et\u00e0 di 97 anni, trov\u00f2 la morte dopo essere stato accusato di aver celebrato il matrimonio tra il legionario romano pagano\u00a0<strong><em>Sabino<\/em><\/strong>\u00a0e la cristiana\u00a0<strong><em>Serapia<\/em><\/strong>. Catturato e portato fuori dalla citt\u00e0 lungo la via Flamina, il santo pass\u00f2 prima per la tortura e poi per la decapitazione. La leggenda vuole che il matrimonio venne celebrato di fretta perch\u00e9 lei era malata ed entrambi morirono durante la benedizione. Le spoglie di San Valentino sarebbero state raccolte dai suoi discepoli Proculo, Efebo e Apollonio che successivamente morirono anch\u2019essi martiri. Il culto di San Valentino viene praticato sia dalla chiesa cattolica, sia da quella ortodossa che da quella anglicana e ancora oggi \u00e8 considerato il\u00a0<strong><em>Patrono degli innamorati<\/em><\/strong>\u00a0ed il protettore degli\u00a0<strong><em>epilettici<\/em><\/strong>.<\/p>\n\n\n\n<p><\/p>\n\n\n\n<p><strong><em>di Roberto Pagnanini<\/em><\/strong><\/p>\n\n\n\n<p><\/p>\n\n\n\n<div style=\"text-align:center\" class=\"wp-block-algori-social-share-buttons-block-algori-social-share-buttons\"><button class=\"bttn-simple bttn-md bttn-primary algori-social-share-buttons-settings algori-social-share-buttons-facebook\" onclick=\"window.open('https:\/\/www.facebook.com\/sharer.php?u=https:\/\/dajemo.com\/?p=932', '_blank')\"><i class=\"fab fa-facebook-f\"><\/i>\u00a0 \u00a0Facebook<\/button><button class=\"bttn-simple bttn-md bttn-primary algori-social-share-buttons-settings algori-social-share-buttons-email\" onclick=\"window.open('mailto:?body=https:\/\/dajemo.com\/?p=932', '_blank')\"><i class=\"fas fa-envelope\"><\/i>\u00a0 \u00a0Email<\/button><button class=\"bttn-simple bttn-md bttn-primary algori-social-share-buttons-settings algori-social-share-buttons-whatsapp\" onclick=\"window.open('https:\/\/web.whatsapp.com\/send?text=https:\/\/dajemo.com\/?p=932', '_blank')\"><i class=\"fab fa-whatsapp\"><\/i>\u00a0 \u00a0WhatsApp<\/button><button class=\"bttn-simple bttn-md bttn-primary algori-social-share-buttons-settings algori-social-share-buttons-telegram\" onclick=\"window.open('https:\/\/t.me\/share\/url?url=https:\/\/dajemo.com\/?p=932', '_blank')\"><i class=\"fab fa-telegram\"><\/i>\u00a0 \u00a0Telegram<\/button><\/div>\n","protected":false},"excerpt":{"rendered":"<p>Interamna ai tempi di Roma, del suo Impero e di San Valentino Il periodo temporale che porta Terni sino alla conclusione di quella che viene considerata la\u00a0Storia antica, e che cio\u00e8 quella termina nel&#46;&#46;&#46;<\/p>\n","protected":false},"author":1,"featured_media":933,"comment_status":"open","ping_status":"open","sticky":false,"template":"","format":"standard","meta":{"_eb_attr":"","pgc_sgb_lightbox_settings":"","footnotes":""},"categories":[6],"tags":[],"class_list":["post-932","post","type-post","status-publish","format-standard","has-post-thumbnail","hentry","category-interamna-history"],"_links":{"self":[{"href":"https:\/\/dajemo.com\/index.php?rest_route=\/wp\/v2\/posts\/932","targetHints":{"allow":["GET"]}}],"collection":[{"href":"https:\/\/dajemo.com\/index.php?rest_route=\/wp\/v2\/posts"}],"about":[{"href":"https:\/\/dajemo.com\/index.php?rest_route=\/wp\/v2\/types\/post"}],"author":[{"embeddable":true,"href":"https:\/\/dajemo.com\/index.php?rest_route=\/wp\/v2\/users\/1"}],"replies":[{"embeddable":true,"href":"https:\/\/dajemo.com\/index.php?rest_route=%2Fwp%2Fv2%2Fcomments&post=932"}],"version-history":[{"count":1,"href":"https:\/\/dajemo.com\/index.php?rest_route=\/wp\/v2\/posts\/932\/revisions"}],"predecessor-version":[{"id":934,"href":"https:\/\/dajemo.com\/index.php?rest_route=\/wp\/v2\/posts\/932\/revisions\/934"}],"wp:featuredmedia":[{"embeddable":true,"href":"https:\/\/dajemo.com\/index.php?rest_route=\/wp\/v2\/media\/933"}],"wp:attachment":[{"href":"https:\/\/dajemo.com\/index.php?rest_route=%2Fwp%2Fv2%2Fmedia&parent=932"}],"wp:term":[{"taxonomy":"category","embeddable":true,"href":"https:\/\/dajemo.com\/index.php?rest_route=%2Fwp%2Fv2%2Fcategories&post=932"},{"taxonomy":"post_tag","embeddable":true,"href":"https:\/\/dajemo.com\/index.php?rest_route=%2Fwp%2Fv2%2Ftags&post=932"}],"curies":[{"name":"wp","href":"https:\/\/api.w.org\/{rel}","templated":true}]}}