{"id":951,"date":"2022-01-28T17:03:58","date_gmt":"2022-01-28T17:03:58","guid":{"rendered":"https:\/\/dajemo.com\/?p=951"},"modified":"2022-01-28T17:05:53","modified_gmt":"2022-01-28T17:05:53","slug":"interamna-history-6","status":"publish","type":"post","link":"https:\/\/dajemo.com\/?p=951","title":{"rendered":"Interamna History &#8211; 6\u00a0"},"content":{"rendered":"\n<p><strong>La nostra Casa comunale, Palazzo Spada<\/strong><\/p>\n\n\n\n<div class=\"wp-block-image\"><figure class=\"alignleft size-full\"><img loading=\"lazy\" decoding=\"async\" width=\"300\" height=\"300\" src=\"http:\/\/dajemo.com\/wp-content\/uploads\/2022\/01\/tumblr_4301c9fe38261ab4b9de2b905d5cbfdd_a4cbd344_1280.jpg\" alt=\"\" class=\"wp-image-950\" title=\"\" srcset=\"https:\/\/dajemo.com\/wp-content\/uploads\/2022\/01\/tumblr_4301c9fe38261ab4b9de2b905d5cbfdd_a4cbd344_1280.jpg 300w, https:\/\/dajemo.com\/wp-content\/uploads\/2022\/01\/tumblr_4301c9fe38261ab4b9de2b905d5cbfdd_a4cbd344_1280-100x100.jpg 100w, https:\/\/dajemo.com\/wp-content\/uploads\/2022\/01\/tumblr_4301c9fe38261ab4b9de2b905d5cbfdd_a4cbd344_1280-150x150.jpg 150w, https:\/\/dajemo.com\/wp-content\/uploads\/2022\/01\/tumblr_4301c9fe38261ab4b9de2b905d5cbfdd_a4cbd344_1280-80x80.jpg 80w\" sizes=\"auto, (max-width: 300px) 100vw, 300px\" \/><\/figure><\/div>\n\n\n\n<p>Sulla&nbsp;scorsa&nbsp;puntata ci siamo soffermati su un periodo storico che ha rappresentato per Terni una parentesi difficile e buia e che la port\u00f2 ad affrontare un vero e proprio default delle casse comunali. Dopo la&nbsp;<strong><em>Strage dei Banderari<\/em><\/strong>&nbsp;del 1564 infatti, la citt\u00e0 fu costretta a rinunciare alla sua autonomia consegnandosi di fatto nelle mani della&nbsp;<strong><em>Camera Apostolica<\/em><\/strong>&nbsp;con la quale aveva generato enormi debiti, il tutto nonostante avesse contratto prestiti ovunque e ceduto molti beni per sanare la propria posizione.&nbsp; Una tra le personalit\u00e0 di spicco di quegli anni fu senz\u2019altro&nbsp;<strong><em>Michelangelo Spada<\/em><\/strong>&nbsp;che visse appunto tra il 1521 ed il 1584, anni cruciali anche per la nascita di quello che poi rappresenter\u00e0 il dominio temporale della Chiesa, ed a quale si deve la costruzione dell\u2019omonimo palazzo attuale sede del nostro comune. Michelangelo era il discendente di una potente e ricchissima famiglia il cui capostipite, anche se le fonti non sono pienamente supportate, viene indicato in tal&nbsp;<strong><em>Marino Spada&nbsp;<\/em><\/strong>vissuto gi\u00e0 nel VII secolo, duca e Governatore d\u2019Italia ai tempi dell\u2019Imperatore Leone III. Nipote di Vittorio e figlio di Silvestro, entrambi notai, Michelangelo, che aveva un fratello di nome Giovanni Girolamo e tre sorelle oltre che un altro fratello, Balduino, nato dalle seconde nozze del padre, fu nominato&nbsp;<strong><em>conte di Collescipoli<\/em><\/strong>&nbsp;da&nbsp;<strong><em>Papa Giulio III<\/em><\/strong>&nbsp;del quale era&nbsp;<strong><em>coppiere<\/em><\/strong>, titolo che tra i camerieri segreti del pontefice gli permetteva di assisterlo durante i pranzi solenni, e&nbsp;<strong><em>cameriere pontificio<\/em><\/strong>, incarico che lo obbligava ad attendere le persone che poi sarebbero state ricevute in udienza privata. Non \u00e8 eccessivo affermare quindi che del pontefice, il conte Spada, era uno strettissimo collaboratore ma anche amico dato che, la conoscenza tra i due risale a quando il Santo Padre era ancora un cardinale con il nome di Ciocchi dal Monte. Non a caso, al momento di salire al Soglio pontificio, gli concesse anche la&nbsp;<strong><em>cittadinanza di Roma<\/em><\/strong>. Per tornare alle conseguenze della Strage de Banderari, fu proprio Michelangelo Spada che intercedendo presso&nbsp;<strong><em>Papa Pio V<\/em><\/strong>, permise nel 1567 il reintegro delle entrate comunali dietro il pagamento di 3000 scudi d\u2019oro. E\u2019 fuor di dubbio che la consapevolezza del grande prestigio sociale raggiunto e della sua posizione presso la corte romana, lo convinsero ben presto a farsi erigere un palazzo che lo rappresentasse ma che la cui costruzione fu tutt\u2019altro che facile e rapida. Negli archivi della nostra citt\u00e0 si ha traccia del fatto che nel 1554&nbsp;<strong><em>Papa Giulio III<\/em><\/strong>&nbsp;concesse a Michelangelo una casa detta&nbsp;<strong><em>Osteria del Moro<\/em><\/strong>&nbsp;situata vicino a quella che era gi\u00e0 la sua abitazione, un immobile che egli voleva ampliare e riportare a forma antica cosi come si evince dall\u2019atto notarile:&nbsp;<strong><em>In venustiore forma redigere et ampliare<\/em><\/strong>. Cosa certa \u00e8 che il conte Spada, tra il 1558 ed il 1563, chiese ai priori della citt\u00e0 il permesso di estrarre delle pietre dal fiume Nera e che comunque sino al 1569, si susseguirono le acquisizioni di altre costruzioni al fine di poter erigere quello che doveva essere vero palazzo nobiliare. Dare per sicura la paternit\u00e0 del progetto \u00e8 invece cosa difficile e ci costringe a muoverci nel campo delle ipotesi. La presenza a Terni in quegli anni di tal&nbsp;<strong><em>Peruzzi Junior<\/em><\/strong>, un eclettico architetto senese tra l\u2019altro molto attivo e conosciuto a Roma, nonostante l\u2019innegabile influenza dello stile proprio della scuola del Sangallo, potrebbe dirimere questa questione. Passano gli anni ed a causa di mille problematiche differenti legate anche alla ripartizione dell\u2019eredit\u00e0 tra i discendenti, nel 1798 la famiglia Spada decide di disfarsi del palazzo che risultava per\u00f2 essere assolutamente indivisibile tra loro. Soltanto nel 1810 riescono nell\u2019intento aggirando il testamento di Michelangelo, permutando il palazzo con un altro posto sulla strada Corriera, Via Roma, e la strada de\u2019 Sciamanna, oggi Via tre colonne, un edificio di propriet\u00e0 di tal Alceo Pecoli Massarucci, che soltanto quattro giorni dopo venne poi venduto per il prezzo di 3657 scudi ai fratelli Guglielmi del f\u00f9 Carlo. Il completamento dell\u2019edificio per era lungi dall\u2019essere compiuto; il terzo piano per esempio, fu realizzato al termine dell\u2019800 quando lo stabile pass\u00f2 in uso alle&nbsp;<strong><em>Suore del Bambin Ges\u00f9<\/em><\/strong>&nbsp;cosi come le torrette. I&nbsp;<strong><em>Massarucci<\/em><\/strong>, che nel 1863 ancora vi risiedevano, a causa di alcuni debiti contratti se lo videro poi mettere all\u2019asta insieme agli orti ad esso attigui e la propriet\u00e0 pass\u00f2 allora alla&nbsp;<strong><em>Banca Romana<\/em><\/strong>&nbsp;che lo cedette successivamente a monsignor&nbsp;<strong><em>Francesco Gazzoli,<\/em><\/strong>&nbsp;figlio del conte Giulio di Terni. Fu nel 1957 che il consiglio comunale della nostra citt\u00e0 ne deliber\u00f2 l\u2019acquisto per trasformarlo in sede municipale anche se le suore continuarono ad usufruirne sino agli inizi degli anni \u201970. Il piano nobile del palazzo \u00e8 completamente affrescato con opere che vanno dal 1575 al XIX secolo ed alcune di loro si riferiscono ad eventi che hanno segnato la storia della chiesa come la&nbsp;<strong><em>Battaglia di Lepanto<\/em><\/strong>&nbsp;o la&nbsp;<strong><em>Strage di San Bartolomeo<\/em><\/strong>&nbsp;e la loro commissione da parte del conte Michelangelo Spada, altro non fa che rafforzare la devota fedelt\u00e0 a Gregorio XIII, del quale fece anche dipingere lo stemma in prossimit\u00e0 degli stessi affreschi. Ma non solo questo perch\u00e9 sulle pareti \u00e8 anche raffigurato lo stemma di Giulio III che fu colui il quale lo fregi\u00f2 del titolo di conte cosi come, su tutti i portali, in caratteri latini abbreviati, \u00e8 incisa la scritta&nbsp;<strong><em>co mic ang spada sec apos<\/em><\/strong>&nbsp;\u00e8 cio\u00e8&nbsp;<strong><em>Conte Michelangelo Spada segretario apostolico.<\/em><\/strong>&nbsp;La paternit\u00e0 delle opere, avallata dalla scoperta di&nbsp;<strong><em>Giovanna Sapori<\/em><\/strong>&nbsp;nel 1986, si fa risalire a&nbsp;<strong><em>Karel van Mander<\/em><\/strong>, un pittore fiammingo di stanza a Roma tra il 1574 ed il 1577. C\u2019\u00e8 da dire che Palazzo Spada nel corso degli anni ha cambiato totalmente il suo rapporto con il tessuto urbano circostante; se la facciata principale, quella su Via Roma, non ha subito particolari variazioni, quella sul Corso del Popolo \u00e8 stata completamente modificata dato che prima incideva sugli orti, eliminati appunto per dare vita allo stesso asse viario ed anche l\u2019area dell\u2019attuale Piazza Europa era completamente differente. Dagli studi effettuati dall\u2019<strong><em>Arch. Paolo Leonelli<\/em><\/strong>, emerge che tra i primi a tentare un progetto del palazzo potrebbe essere stato il senese&nbsp;<strong><em>Silvestro Peruzzi<\/em><\/strong>, figlio di Baldassarre, molto attivo a Roma proprio quando Michelangelo Spada era segretario apostolico, e che ebbe senza ombra di dubbio frequentazioni sia con&nbsp;<strong><em>Antonio da Sangallo<\/em><\/strong>&nbsp;che con il&nbsp;<strong><em>Vignola<\/em><\/strong>, il che giustificherebbe analogie con i loro stili. Va senza dubbio ricordato che Palazzo Spada fu anche sede dell\u2019<strong><em>Istituto Leonino&nbsp;<\/em><\/strong>e per Terni, rappresenta il primo esempio di edilizia del&nbsp;<strong><em>tipo a corte<\/em><\/strong>. L\u2019unica certezza comunque sta nel fatto che per il conte Michelangelo rappresent\u00f2 il culmine di una storia familiare fatta di potere, espresso prima nella nostra citt\u00e0 e poi all\u2019interno del potere assoluto della Chiesa.<\/p>\n\n\n\n<p><strong><em>Per chi volesse saperne di pi\u00f9, esiste una bellissima pubblicazione del 1996 a cura di Maria Laura Moroni e Paolo Leonelli edita in collaborazione con il Comune di Terni e della II Circoscrizione Interamna dal titolo \u201cIl Palazzo di Michelangelo Spada in Terni\u201d e dalla quale sono tratte molte delle notizie contenute in questo articolo.<\/em><\/strong><\/p>\n\n\n\n<p><strong><em>di Roberto Pagnanini<\/em><\/strong><\/p>\n\n\n\n<p><\/p>\n\n\n\n<div style=\"text-align:center\" class=\"wp-block-algori-social-share-buttons-block-algori-social-share-buttons\"><button class=\"bttn-pill bttn-md bttn-primary algori-social-share-buttons-settings algori-social-share-buttons-facebook\" onclick=\"window.open('https:\/\/www.facebook.com\/sharer.php?u=https:\/\/dajemo.com\/?p=951', '_blank')\"><i class=\"fab fa-facebook-f\"><\/i>\u00a0 \u00a0Facebook<\/button><button class=\"bttn-pill bttn-md bttn-primary algori-social-share-buttons-settings algori-social-share-buttons-email\" onclick=\"window.open('mailto:?body=https:\/\/dajemo.com\/?p=951', '_blank')\"><i class=\"fas fa-envelope\"><\/i>\u00a0 \u00a0Email<\/button><button class=\"bttn-pill bttn-md bttn-primary algori-social-share-buttons-settings algori-social-share-buttons-whatsapp\" onclick=\"window.open('https:\/\/web.whatsapp.com\/send?text=https:\/\/dajemo.com\/?p=951', '_blank')\"><i class=\"fab fa-whatsapp\"><\/i>\u00a0 \u00a0WhatsApp<\/button><button class=\"bttn-pill bttn-md bttn-primary algori-social-share-buttons-settings algori-social-share-buttons-telegram\" onclick=\"window.open('https:\/\/t.me\/share\/url?url=https:\/\/dajemo.com\/?p=951', '_blank')\"><i class=\"fab fa-telegram\"><\/i>\u00a0 \u00a0Telegram<\/button><\/div>\n","protected":false},"excerpt":{"rendered":"<p>La nostra Casa comunale, Palazzo Spada Sulla&nbsp;scorsa&nbsp;puntata ci siamo soffermati su un periodo storico che ha rappresentato per Terni una parentesi difficile e buia e che la port\u00f2 ad affrontare un vero e proprio&#46;&#46;&#46;<\/p>\n","protected":false},"author":1,"featured_media":950,"comment_status":"open","ping_status":"open","sticky":false,"template":"","format":"standard","meta":{"_eb_attr":"","pgc_sgb_lightbox_settings":"","footnotes":""},"categories":[6],"tags":[],"class_list":["post-951","post","type-post","status-publish","format-standard","has-post-thumbnail","hentry","category-interamna-history"],"_links":{"self":[{"href":"https:\/\/dajemo.com\/index.php?rest_route=\/wp\/v2\/posts\/951","targetHints":{"allow":["GET"]}}],"collection":[{"href":"https:\/\/dajemo.com\/index.php?rest_route=\/wp\/v2\/posts"}],"about":[{"href":"https:\/\/dajemo.com\/index.php?rest_route=\/wp\/v2\/types\/post"}],"author":[{"embeddable":true,"href":"https:\/\/dajemo.com\/index.php?rest_route=\/wp\/v2\/users\/1"}],"replies":[{"embeddable":true,"href":"https:\/\/dajemo.com\/index.php?rest_route=%2Fwp%2Fv2%2Fcomments&post=951"}],"version-history":[{"count":1,"href":"https:\/\/dajemo.com\/index.php?rest_route=\/wp\/v2\/posts\/951\/revisions"}],"predecessor-version":[{"id":952,"href":"https:\/\/dajemo.com\/index.php?rest_route=\/wp\/v2\/posts\/951\/revisions\/952"}],"wp:featuredmedia":[{"embeddable":true,"href":"https:\/\/dajemo.com\/index.php?rest_route=\/wp\/v2\/media\/950"}],"wp:attachment":[{"href":"https:\/\/dajemo.com\/index.php?rest_route=%2Fwp%2Fv2%2Fmedia&parent=951"}],"wp:term":[{"taxonomy":"category","embeddable":true,"href":"https:\/\/dajemo.com\/index.php?rest_route=%2Fwp%2Fv2%2Fcategories&post=951"},{"taxonomy":"post_tag","embeddable":true,"href":"https:\/\/dajemo.com\/index.php?rest_route=%2Fwp%2Fv2%2Ftags&post=951"}],"curies":[{"name":"wp","href":"https:\/\/api.w.org\/{rel}","templated":true}]}}