{"id":977,"date":"2022-01-31T10:38:33","date_gmt":"2022-01-31T10:38:33","guid":{"rendered":"https:\/\/dajemo.com\/?p=977"},"modified":"2022-01-31T10:39:55","modified_gmt":"2022-01-31T10:39:55","slug":"interamna-history-15","status":"publish","type":"post","link":"https:\/\/dajemo.com\/?p=977","title":{"rendered":"Interamna History &#8211; 15"},"content":{"rendered":"\n<p><strong>Le conseguenze della battaglia di Terni<\/strong><\/p>\n\n\n\n<div class=\"wp-block-image\"><figure class=\"alignleft size-full\"><img loading=\"lazy\" decoding=\"async\" width=\"300\" height=\"300\" src=\"http:\/\/dajemo.com\/wp-content\/uploads\/2022\/01\/Soldato-ottomano-dell800.jpg\" alt=\"\" class=\"wp-image-978\" title=\"\" srcset=\"https:\/\/dajemo.com\/wp-content\/uploads\/2022\/01\/Soldato-ottomano-dell800.jpg 300w, https:\/\/dajemo.com\/wp-content\/uploads\/2022\/01\/Soldato-ottomano-dell800-100x100.jpg 100w, https:\/\/dajemo.com\/wp-content\/uploads\/2022\/01\/Soldato-ottomano-dell800-150x150.jpg 150w, https:\/\/dajemo.com\/wp-content\/uploads\/2022\/01\/Soldato-ottomano-dell800-80x80.jpg 80w\" sizes=\"auto, (max-width: 300px) 100vw, 300px\" \/><\/figure><\/div>\n\n\n\n<p>La&nbsp;<strong><em>Repubblica Romana<\/em><\/strong>, sorella della Prima Repubblica Francese, si colloca storicamente tra il \u201897 ed il \u201999 del XVIII secolo e vide strappare Roma al dominio temporale di Pio VI nel febbraio del 1798. Di stampo giacobino, come abbiamo gi\u00e0 visto ebbe effetti anche sulla nostra citt\u00e0. Come scrive&nbsp;<strong><em>Elia Rossi Passavanti<\/em><\/strong>&nbsp;nel suo&nbsp;<strong><em>Terni nell\u2019et\u00e0 moderna<\/em><\/strong>&nbsp;a seguito della battaglia che si svolse a Campomicciolo&nbsp;<em>\u201c\u2026 con battaglie pi\u00f9 fortunate che quella dei Napoletani venivano cacciati in altre parti della nostra Penisola i repubblicani francesi. Specialmente quando si sparse la notizia della morte del Pontefice Pio VI, prigioniero della potenza gallica in Valenza \u2026\u201d,&nbsp;<\/em>il Collegio dei Cardinali, che godeva della protezione austriaca, si riun\u00ec in Conclave a Venezia e nel contempo milizie russe, inglesi, le stesse austriache fin anche turche, discendevano la penisola. Il 19 settembre del 1799, le truppe francesi abbandonarono Roma che subito venne occupata dai napoletani. Colorita anche la descrizione che il Silvestri dedica all\u2019ingresso di queste nuove truppe a Terni che per ci\u00f2 che concerne quelle ottomane, si potevano immaginare essere composte da soldati come quello rappresentato nella foto:&nbsp;<em>\u201c\u2026 Veduti entrare dalla porta dei tre monumenti di questa citt\u00e0 la speciosa accozzaglia di milizie straniere, e in mezzo alla sventolare di bandiere Austriache e Piemontesi, mescersi la mezza luna, e la scimitarra del Profeta Arabo; si risovverranno dell\u2019abbattuto albero di libert\u00e0 repubblicano in mezzo alla piazza dalle scuri Tedesche, dei popoli versatili tripudj e quando venne alzato, e quando poi abbattuto\u201d.&nbsp;<\/em>Con due editti datati rispettivamente 1\u00b0 dicembre \u201999 e 31 gennaio 1800, il Commissario Civile per l\u2019imperiale regio governo austriaco, Antonio De\u2019 Cavallar, dichiar\u00f2 annullate ed abrogate tutte le leggi e le disposizioni emesse durante l\u2019occupazione francese ad eccezione di quelle relative alla moneta. Per ci\u00f2 che riguardava Terni, che in luogo di un Governatorato contava su una deputazione dei Triumviri, furono eletti il 21 marzo il Marchese Marcello Sciamanna, il Conte Giovanni Manassei ed il Cavalier Antonelli. Ulteriore conseguenza fu quella di far tornare in funzione il Consiglio Comunale che fu formato da 65 cittadini cosi come la Magistratura. Fu sotto questa reggenza che si manifestarono tutti i disagi di una carestia alimentata anche dalla mancanza di moneta oltre che dal dissesto finanziario prodotto dal governo francese. La crisi era talmente grande che anche il forno pubblico risultava non soltanto sprovvisto di grano ma anche dei fondi per acquistarlo tanto che, la reggenza si vide costretta a chiedere un prestito forzoso ai possidenti ed ai negozianti che versarono i denari al Monte di Piet\u00e0 con l\u2019accordo che gli sarebbero stati restituiti in un paio di mesi. L\u2019ordine di versare i soldi era talmente perentorio e minaccioso che prevedeva per chi non avesse provveduto l\u2019arresto e dopo ventiquattro ore da questo, nel perdurare nel non pagare, tre scudi di multa per ogni ora. Alla fine si riusc\u00ec a racimolare il necessario e ad acquistare il grano dalle Marche.&nbsp; In concomitanza con l\u2019ascesa al Soglio Pontificio di Pio VII, al secolo&nbsp;<strong><em>Barnaba Niccol\u00f2 Maria Luigi,&nbsp;<\/em><\/strong>l\u2019Amministrazione Comunale fu riordinata per opera di Mons. Caracciolo di Santobono, Delegato Apostolico della Provincia dell\u2019Umbria. Lo stesso Pontefice di ritorno a Roma proveniente da Venezia, con un viaggio che lo vide prima fare rotta su Pesaro a bordo della fregata austriaca&nbsp;<strong><em>Bellona&nbsp;<\/em><\/strong>per poi proseguire lungo la Flaminia,&nbsp;fece sosta a Terni accolto in maniera festosa ed impart\u00ec la benedizione dalla Cattedrale; implorato dal Cavalier Paolo Gazzoli poi, tornando questa volta dalla Francia, si ferm\u00f2 nuovamente in citt\u00e0. Agli inizi del 1801, era il 23 febbraio, venne elevato alla Sacra Porpora il ternano e Mons. Valentino Mastrozzi. Non tutte le sciagure erano per\u00f2 finite per Terni, cosi come per le tante altre citt\u00e0 che ancora non si erano riprese dai passati sconvolgimenti politici, ed il 19 marzo del 1801, il 28 ventoso, giunse ordine da parte del cittadino Odier, Commissario di Guerra del Corpo di Avanguardia delle Truppe Repubblicane Francesi, di predisporre un approvvigionamento straordinario di&nbsp; 8000 moggio di biada, da considerare che a Terni un moggio corrispondeva ad oltre 280 metri quadri di coltivato, 1200 quintali di fieno, una riserva di 100 buoi da trasporto e tutto quanto necessario per la sussistenza di 8000 uomini; l\u2019incaricato a far eseguire l\u2019ordine fu indicato dallo stesso Odier nella persona di tal Gatti a Foligno da cui si recarono il Marchese Sciamanna ed il Conte Fabrizi per tentare una mediazione vista la situazione non florida delle casse comunali. L\u2019aiuto, ancora una volta, giunse dal S. Monte di Piet\u00e0 previo il beneplacito della Santa Congregazione del Buon Governo ma si dovette ricorrere alla vendita di alcuni edifici tra i quali un mulino a grano sito nei pressi di Galleto di Papigno. E\u2019 dell\u2019anno precedente invece, un editto pontificio che&nbsp;<em>\u201c\u2026 per il mantenimento dello sfamo della nostra popolazione fosse data facolt\u00e0 a chicchessia della libera panizzazione, a forma dell\u2019elogiato editto, non che di vendere non solo il pane basso, ma anco il pane frammisto a granturco\u201d<\/em>; chiaramente, chi avesse voluto&nbsp;<em>panizzare<\/em>&nbsp;e vendere, avrebbe dovuto presentare una obbligazione garantita da una idonea fidejussione e garantire lo spaccio aperto per un periodo determinato oltre che fornirlo di pane di buona qualit\u00e0 e di giusto prezzo. Senza dubbio la liberalizzazione del settore agrario, oltre che venire incontro alle esigenze della popolazione, rappresent\u00f2 anche l\u2019accoglienza di quelle richieste progressiste che gi\u00e0 si stavano proponendo in tutta Europa.<\/p>\n\n\n\n<p><strong><em>di Roberto Pagnanini<\/em><\/strong><\/p>\n\n\n\n<p><\/p>\n\n\n\n<div style=\"text-align:center\" class=\"wp-block-algori-social-share-buttons-block-algori-social-share-buttons\"><button class=\"bttn-pill bttn-md bttn-primary algori-social-share-buttons-settings algori-social-share-buttons-facebook\" onclick=\"window.open('https:\/\/www.facebook.com\/sharer.php?u=https:\/\/dajemo.com\/?p=977', '_blank')\"><i class=\"fab fa-facebook-f\"><\/i>\u00a0 \u00a0Facebook<\/button><button class=\"bttn-pill bttn-md bttn-primary algori-social-share-buttons-settings algori-social-share-buttons-email\" onclick=\"window.open('mailto:?body=https:\/\/dajemo.com\/?p=977', '_blank')\"><i class=\"fas fa-envelope\"><\/i>\u00a0 \u00a0Email<\/button><button class=\"bttn-pill bttn-md bttn-primary algori-social-share-buttons-settings algori-social-share-buttons-whatsapp\" onclick=\"window.open('https:\/\/web.whatsapp.com\/send?text=https:\/\/dajemo.com\/?p=977', '_blank')\"><i class=\"fab fa-whatsapp\"><\/i>\u00a0 \u00a0WhatsApp<\/button><button class=\"bttn-pill bttn-md bttn-primary algori-social-share-buttons-settings algori-social-share-buttons-telegram\" onclick=\"window.open('https:\/\/t.me\/share\/url?url=https:\/\/dajemo.com\/?p=977', '_blank')\"><i class=\"fab fa-telegram\"><\/i>\u00a0 \u00a0Telegram<\/button><\/div>\n","protected":false},"excerpt":{"rendered":"<p>Le conseguenze della battaglia di Terni La&nbsp;Repubblica Romana, sorella della Prima Repubblica Francese, si colloca storicamente tra il \u201897 ed il \u201999 del XVIII secolo e vide strappare Roma al dominio temporale di Pio&#46;&#46;&#46;<\/p>\n","protected":false},"author":1,"featured_media":978,"comment_status":"open","ping_status":"open","sticky":false,"template":"","format":"standard","meta":{"_eb_attr":"","pgc_sgb_lightbox_settings":"","footnotes":""},"categories":[6],"tags":[],"class_list":["post-977","post","type-post","status-publish","format-standard","has-post-thumbnail","hentry","category-interamna-history"],"_links":{"self":[{"href":"https:\/\/dajemo.com\/index.php?rest_route=\/wp\/v2\/posts\/977","targetHints":{"allow":["GET"]}}],"collection":[{"href":"https:\/\/dajemo.com\/index.php?rest_route=\/wp\/v2\/posts"}],"about":[{"href":"https:\/\/dajemo.com\/index.php?rest_route=\/wp\/v2\/types\/post"}],"author":[{"embeddable":true,"href":"https:\/\/dajemo.com\/index.php?rest_route=\/wp\/v2\/users\/1"}],"replies":[{"embeddable":true,"href":"https:\/\/dajemo.com\/index.php?rest_route=%2Fwp%2Fv2%2Fcomments&post=977"}],"version-history":[{"count":2,"href":"https:\/\/dajemo.com\/index.php?rest_route=\/wp\/v2\/posts\/977\/revisions"}],"predecessor-version":[{"id":981,"href":"https:\/\/dajemo.com\/index.php?rest_route=\/wp\/v2\/posts\/977\/revisions\/981"}],"wp:featuredmedia":[{"embeddable":true,"href":"https:\/\/dajemo.com\/index.php?rest_route=\/wp\/v2\/media\/978"}],"wp:attachment":[{"href":"https:\/\/dajemo.com\/index.php?rest_route=%2Fwp%2Fv2%2Fmedia&parent=977"}],"wp:term":[{"taxonomy":"category","embeddable":true,"href":"https:\/\/dajemo.com\/index.php?rest_route=%2Fwp%2Fv2%2Fcategories&post=977"},{"taxonomy":"post_tag","embeddable":true,"href":"https:\/\/dajemo.com\/index.php?rest_route=%2Fwp%2Fv2%2Ftags&post=977"}],"curies":[{"name":"wp","href":"https:\/\/api.w.org\/{rel}","templated":true}]}}